{"id":4279,"date":"2015-11-09T00:00:00","date_gmt":"2015-11-08T23:00:00","guid":{"rendered":"https:\/\/blog.caritas.barcelona\/acogida-y-acompanamiento\/videolab-una-empresa-con-corazon\/"},"modified":"2015-11-09T00:00:00","modified_gmt":"2015-11-08T23:00:00","slug":"videolab-una-empresa-con-corazon","status":"publish","type":"post","link":"https:\/\/blog.caritas.barcelona\/es\/entidades-con-corazon\/videolab-una-empresa-con-corazon\/","title":{"rendered":"Videolab, una Empresa con Coraz\u00f3n"},"content":{"rendered":"<p>El pasado jueves 5 de noviembre, Videolab recibi\u00f3 la <strong>placa de Empresa con Coraz\u00f3n<\/strong>, despu\u00e9s de mucho tiempo de colaboraci\u00f3n continua.<!--more--><\/p>\n<p>La voluntaria de C\u00e1ritas, <strong>Montserrat Navarro<\/strong>, entreg\u00f3 la placa al <strong>Sr. Pere Tresserra<\/strong> y la <strong>Sra. Marta Tresserra<\/strong>, como culminaci\u00f3n de la continua colaboraci\u00f3n de la empresa, que ha <strong>transformado todos los v\u00eddeos antiguos <\/strong>de C\u00e1ritas en formatos actuales. Adem\u00e1s, han ayudado de otras maneras, como por ejemplo con la <strong><a href=\"http:\/\/entitatsambcor.org\/?p=8812&amp;lang=es\" target=\"_blank\">donaci\u00f3n de tabletas electr\u00f3nicas<\/a>\u00a0o proyectores para los proyectos de C\u00e1ritas<\/strong>.<\/p>\n<p style=\"text-align: center;\"><a href=\"https:\/\/blog.caritas.barcelona\/wp-content\/uploads\/sites\/2\/2015\/11\/placa-videolab.jpeg\"><img loading=\"lazy\" decoding=\"async\" class=\" wp-image-9412 aligncenter\" alt=\"placa videolab\" src=\"https:\/\/blog.caritas.barcelona\/wp-content\/uploads\/sites\/2\/2015\/11\/placa-videolab.jpeg\" width=\"426\" height=\"757\" \/><\/a><\/p>\n<p>Queremos agradecer la continua colaboraci\u00f3n de <a href=\"http:\/\/www.videolab.es\/\" target=\"_blank\"><strong>Videolab<\/strong><\/a>\u00a0con nuestra entidad!!! \u00a0MUCHAS GRACIAS POR TENER UN S\u00cd PARA C\u00c1RITAS!<\/p>\n","protected":false},"excerpt":{"rendered":"<p>El pasado jueves 5 de noviembre, Videolab recibi\u00f3 la placa de Empresa con Coraz\u00f3n, despu\u00e9s de mucho tiempo de colaboraci\u00f3n continua.<\/p>\n","protected":false},"author":4,"featured_media":0,"comment_status":"closed","ping_status":"closed","sticky":false,"template":"","format":"standard","meta":{"footnotes":""},"categories":[22],"tags":[62,1224,854,144,122],"autor":[36],"class_list":["post-4279","post","type-post","status-publish","format-standard","hentry","category-entidades-con-corazon","tag-barcelona","tag-caritas-es","tag-empresa-con-corazon","tag-placa","tag-videolab","autor-caritas-diocesana-de-barcelona-es"],"aioseo_notices":[],"_links":{"self":[{"href":"https:\/\/blog.caritas.barcelona\/es\/wp-json\/wp\/v2\/posts\/4279","targetHints":{"allow":["GET"]}}],"collection":[{"href":"https:\/\/blog.caritas.barcelona\/es\/wp-json\/wp\/v2\/posts"}],"about":[{"href":"https:\/\/blog.caritas.barcelona\/es\/wp-json\/wp\/v2\/types\/post"}],"author":[{"embeddable":true,"href":"https:\/\/blog.caritas.barcelona\/es\/wp-json\/wp\/v2\/users\/4"}],"replies":[{"embeddable":true,"href":"https:\/\/blog.caritas.barcelona\/es\/wp-json\/wp\/v2\/comments?post=4279"}],"version-history":[{"count":0,"href":"https:\/\/blog.caritas.barcelona\/es\/wp-json\/wp\/v2\/posts\/4279\/revisions"}],"wp:attachment":[{"href":"https:\/\/blog.caritas.barcelona\/es\/wp-json\/wp\/v2\/media?parent=4279"}],"wp:term":[{"taxonomy":"category","embeddable":true,"href":"https:\/\/blog.caritas.barcelona\/es\/wp-json\/wp\/v2\/categories?post=4279"},{"taxonomy":"post_tag","embeddable":true,"href":"https:\/\/blog.caritas.barcelona\/es\/wp-json\/wp\/v2\/tags?post=4279"},{"taxonomy":"autor","embeddable":true,"href":"https:\/\/blog.caritas.barcelona\/es\/wp-json\/wp\/v2\/autor?post=4279"}],"curies":[{"name":"wp","href":"https:\/\/api.w.org\/{rel}","templated":true}]}}