{"id":4277,"date":"2015-11-09T00:00:00","date_gmt":"2015-11-08T23:00:00","guid":{"rendered":"https:\/\/blog.caritas.barcelona\/acogida-y-acompanamiento\/el-atletic-masnou-nos-dedica-56-goles-solidarios\/"},"modified":"2015-11-09T00:00:00","modified_gmt":"2015-11-08T23:00:00","slug":"el-atletic-masnou-nos-dedica-56-goles-solidarios","status":"publish","type":"post","link":"https:\/\/blog.caritas.barcelona\/es\/entidades-con-corazon\/el-atletic-masnou-nos-dedica-56-goles-solidarios\/","title":{"rendered":"El Atl\u00e8tic Masnou nos dedica 56 goles solidarios"},"content":{"rendered":"<p>El pasado domingo 1 de noviembre, cada gol de la jornada de f\u00fatbol en el <strong>Club Atl\u00e8tic Masnou<\/strong> se convirti\u00f3 en una <strong>donaci\u00f3n de 1 euro<\/strong> para <strong>C\u00e1ritas Diocesana de Barcelona<\/strong>.<!--more--><\/p>\n<p>De acuerdo con la <a href=\"http:\/\/entitatsambcor.org\/?p=8541&amp;lang=es\" target=\"_blank\"><strong>iniciativa<\/strong><\/a> que el mismo Club impuls\u00f3 hace unos meses, la primera jornada de cada mes ser\u00e1 una jornada de &#8220;gol solidario&#8221; para C\u00e1ritas: un euro por cada gol anotado. Esta vez han sido <strong>56 goles<\/strong>!<\/p>\n<p style=\"text-align: center;\"><a href=\"https:\/\/blog.caritas.barcelona\/wp-content\/uploads\/sites\/2\/2015\/11\/logo-club-masnou.png\"><img loading=\"lazy\" decoding=\"async\" class=\"alignnone size-full wp-image-9399\" alt=\"logo club masnou\" src=\"https:\/\/blog.caritas.barcelona\/wp-content\/uploads\/sites\/2\/2015\/11\/logo-club-masnou.png\" width=\"185\" height=\"183\" \/><\/a><\/p>\n<p>Desde C\u00e1ritas seguimos agradeciendo el compromiso y fidelidad del <a href=\"http:\/\/www.atmasnou.cat\/\" target=\"_blank\"><strong>Club Atl\u00e8tic Masnou<\/strong><\/a>. Much\u00edsimas gracias con coraz\u00f3n!<\/p>\n","protected":false},"excerpt":{"rendered":"<p>El pasado domingo 1 de noviembre, cada gol de la jornada de f\u00fatbol en el Club Atl\u00e8tic Masnou se convirti\u00f3 en una donaci\u00f3n de 1 euro para C\u00e1ritas Diocesana de Barcelona.<\/p>\n","protected":false},"author":4,"featured_media":0,"comment_status":"closed","ping_status":"closed","sticky":false,"template":"","format":"standard","meta":{"footnotes":""},"categories":[22],"tags":[173,921,49,60,520,922,923],"autor":[36],"class_list":["post-4277","post","type-post","status-publish","format-standard","hentry","category-entidades-con-corazon","tag-173","tag-atletico","tag-caritas","tag-club-atletic-masnou","tag-futbol","tag-gol-solidario","tag-noviembre","autor-caritas-diocesana-de-barcelona-es"],"aioseo_notices":[],"_links":{"self":[{"href":"https:\/\/blog.caritas.barcelona\/es\/wp-json\/wp\/v2\/posts\/4277","targetHints":{"allow":["GET"]}}],"collection":[{"href":"https:\/\/blog.caritas.barcelona\/es\/wp-json\/wp\/v2\/posts"}],"about":[{"href":"https:\/\/blog.caritas.barcelona\/es\/wp-json\/wp\/v2\/types\/post"}],"author":[{"embeddable":true,"href":"https:\/\/blog.caritas.barcelona\/es\/wp-json\/wp\/v2\/users\/4"}],"replies":[{"embeddable":true,"href":"https:\/\/blog.caritas.barcelona\/es\/wp-json\/wp\/v2\/comments?post=4277"}],"version-history":[{"count":0,"href":"https:\/\/blog.caritas.barcelona\/es\/wp-json\/wp\/v2\/posts\/4277\/revisions"}],"wp:attachment":[{"href":"https:\/\/blog.caritas.barcelona\/es\/wp-json\/wp\/v2\/media?parent=4277"}],"wp:term":[{"taxonomy":"category","embeddable":true,"href":"https:\/\/blog.caritas.barcelona\/es\/wp-json\/wp\/v2\/categories?post=4277"},{"taxonomy":"post_tag","embeddable":true,"href":"https:\/\/blog.caritas.barcelona\/es\/wp-json\/wp\/v2\/tags?post=4277"},{"taxonomy":"autor","embeddable":true,"href":"https:\/\/blog.caritas.barcelona\/es\/wp-json\/wp\/v2\/autor?post=4277"}],"curies":[{"name":"wp","href":"https:\/\/api.w.org\/{rel}","templated":true}]}}