{"id":4275,"date":"2015-11-04T00:00:00","date_gmt":"2015-11-03T23:00:00","guid":{"rendered":"https:\/\/blog.caritas.barcelona\/acogida-y-acompanamiento\/concierto-en-santa-maria-del-mar-a-favor-de-los-refugiados\/"},"modified":"2015-11-04T00:00:00","modified_gmt":"2015-11-03T23:00:00","slug":"concierto-en-santa-maria-del-mar-a-favor-de-los-refugiados","status":"publish","type":"post","link":"https:\/\/blog.caritas.barcelona\/es\/entidades-con-corazon\/concierto-en-santa-maria-del-mar-a-favor-de-los-refugiados\/","title":{"rendered":"Concierto en Santa Mar\u00eda del Mar a favor de los refugiados"},"content":{"rendered":"<p>El pasado viernes 16 de octubre, la <strong>Escolania de Montserrat<\/strong> ofreci\u00f3 un concierto ben\u00e9fico. <strong>1.500 personas<\/strong> llenaron la Bas\u00edlica de Santa Mar\u00eda del Mar. Se recaud\u00f3 una importante suma de dinero para <strong>C\u00e1ritas<\/strong>, que ir\u00e1n destinados \u00edntegramente a la ayuda a los <strong>refugiados<\/strong>.<br \/>\n<!--more--><\/p>\n<p style=\"text-align: center;\"><a href=\"https:\/\/blog.caritas.barcelona\/wp-content\/uploads\/sites\/2\/2015\/11\/smm-1.jpg\"><img loading=\"lazy\" decoding=\"async\" class=\"alignnone  wp-image-9377\" alt=\"smm 1\" src=\"https:\/\/blog.caritas.barcelona\/wp-content\/uploads\/sites\/2\/2015\/11\/smm-1-420x560.jpg\" width=\"150\" height=\"170\" \/><\/a>\u00a0 \u00a0 \u00a0 \u00a0 \u00a0 \u00a0 \u00a0<a href=\"https:\/\/blog.caritas.barcelona\/wp-content\/uploads\/sites\/2\/2015\/11\/smm-2.jpg\"><img loading=\"lazy\" decoding=\"async\" alt=\"smm 2\" src=\"https:\/\/blog.caritas.barcelona\/wp-content\/uploads\/sites\/2\/2015\/11\/smm-2-420x560.jpg\" width=\"150\" height=\"170\" \/><\/a><\/p>\n<p>&nbsp;<\/p>\n<p><a href=\"https:\/\/blog.caritas.barcelona\/wp-content\/uploads\/sites\/2\/2015\/11\/smm-3.jpg\"><img loading=\"lazy\" decoding=\"async\" class=\"aligncenter\" alt=\"smm 3\" src=\"https:\/\/blog.caritas.barcelona\/wp-content\/uploads\/sites\/2\/2015\/11\/smm-3-560x420.jpg\" width=\"560\" height=\"420\" \/><\/a><\/p>\n<p>Queremos dar las gracias a toda la gente que hizo posible esta espectacular acci\u00f3n solidaria. A la <strong>Bas\u00edlica de Santa Mar\u00eda del Mar<\/strong>, especialmente a <strong>Mn. Salvador Pi\u00e9<\/strong>, que impuls\u00f3 la propuesta. A la <strong>Escolania de Montserrat<\/strong>, por ofrecerse a realizar este concierto solidario con los refugiados. Tambi\u00e9n a quienes ayudaron en la organizaci\u00f3n del evento, especialmente la <strong>URL-Blanquerna<\/strong>, por encargarse del protocolo y de la comunicaci\u00f3n. Tambi\u00e9n agradecemos a <strong>El Corte Ingl\u00e9s<\/strong> la especial promoci\u00f3n gratuita que hizo, y a todos los medios que ayudaron a promocionar y difundir el acto, para que llegara a la m\u00e1xima gente posible: <strong>La Vangu\u00e0rdia, El Peri\u00f3dico, l\u2019Ara, l\u2019AVUI, CC, Catalunya R\u00e0dio, RAC 1, RAC 105, TV3, 8TV <\/strong>y\u00a0la<strong> Xarxa de Comunicaci\u00f3 Local<\/strong>. Finalmente, tambi\u00e9n queremos agradecer a <strong>ARTIPLAN<\/strong> y las empresas de iluminaci\u00f3n y audici\u00f3n.<\/p>\n<p>MUCH\u00cdSIMAS GRACIAS CON CORAZ\u00d3N !!!<\/p>\n","protected":false},"excerpt":{"rendered":"<p>El pasado viernes 16 de octubre, la Escolania de Montserrat ofreci\u00f3 un concierto ben\u00e9fico. 1.500 personas llenaron la Bas\u00edlica de Santa Mar\u00eda del Mar. Se recaud\u00f3 una importante suma de dinero para C\u00e1ritas, que ir\u00e1n destinados \u00edntegramente a la ayuda a los refugiados.<\/p>\n","protected":false},"author":4,"featured_media":0,"comment_status":"open","ping_status":"open","sticky":false,"template":"","format":"standard","meta":{"footnotes":""},"categories":[22],"tags":[266,916,268,917],"autor":[36],"class_list":["post-4275","post","type-post","status-publish","format-standard","hentry","category-entidades-con-corazon","tag-escolania-de-montserrat","tag-refugiados","tag-santa-maria-del-mar","tag-siria","autor-caritas-diocesana-de-barcelona-es"],"aioseo_notices":[],"_links":{"self":[{"href":"https:\/\/blog.caritas.barcelona\/es\/wp-json\/wp\/v2\/posts\/4275","targetHints":{"allow":["GET"]}}],"collection":[{"href":"https:\/\/blog.caritas.barcelona\/es\/wp-json\/wp\/v2\/posts"}],"about":[{"href":"https:\/\/blog.caritas.barcelona\/es\/wp-json\/wp\/v2\/types\/post"}],"author":[{"embeddable":true,"href":"https:\/\/blog.caritas.barcelona\/es\/wp-json\/wp\/v2\/users\/4"}],"replies":[{"embeddable":true,"href":"https:\/\/blog.caritas.barcelona\/es\/wp-json\/wp\/v2\/comments?post=4275"}],"version-history":[{"count":0,"href":"https:\/\/blog.caritas.barcelona\/es\/wp-json\/wp\/v2\/posts\/4275\/revisions"}],"wp:attachment":[{"href":"https:\/\/blog.caritas.barcelona\/es\/wp-json\/wp\/v2\/media?parent=4275"}],"wp:term":[{"taxonomy":"category","embeddable":true,"href":"https:\/\/blog.caritas.barcelona\/es\/wp-json\/wp\/v2\/categories?post=4275"},{"taxonomy":"post_tag","embeddable":true,"href":"https:\/\/blog.caritas.barcelona\/es\/wp-json\/wp\/v2\/tags?post=4275"},{"taxonomy":"autor","embeddable":true,"href":"https:\/\/blog.caritas.barcelona\/es\/wp-json\/wp\/v2\/autor?post=4275"}],"curies":[{"name":"wp","href":"https:\/\/api.w.org\/{rel}","templated":true}]}}