{"id":4274,"date":"2015-11-04T00:00:00","date_gmt":"2015-11-03T23:00:00","guid":{"rendered":"https:\/\/blog.caritas.barcelona\/acogida-y-acompanamiento\/cena-solidaria-en-el-cercle-artistic-a-favor-de-caritas\/"},"modified":"2015-11-04T00:00:00","modified_gmt":"2015-11-03T23:00:00","slug":"cena-solidaria-en-el-cercle-artistic-a-favor-de-caritas","status":"publish","type":"post","link":"https:\/\/blog.caritas.barcelona\/es\/entidades-con-corazon\/cena-solidaria-en-el-cercle-artistic-a-favor-de-caritas\/","title":{"rendered":"Cena solidaria en el Cercle Art\u00edstic a favor de C\u00e1ritas"},"content":{"rendered":"<p>Tuvo lugar el pasado 22 de octubre en la sede del <strong>Reial Cercle Art\u00edstic de Barcelona<\/strong>. Asistieron <strong>94 personas<\/strong>, y se sortearon <strong>tres cuadros<\/strong> de manera solidaria.<!--more--><\/p>\n<p>Entre los invitados, adem\u00e1s de los miembros del Reial Cercle Art\u00edstic, estaban el ex-alcalde de Barcelona, \u200b\u200bel <strong>Sr. Xavier Trias<\/strong>, la Presidenta de la Fundaci\u00f3n Orfe\u00f3 Catal\u00e0, la <strong>Sra. Montserrat Carulla<\/strong>, y algunos voluntarios de Entidades con Coraz\u00f3n, entre ellos los <strong>Sres. Juan Maria Tintor\u00e9 y Albert Bonet<\/strong>, impulsores, por parte de C\u00e1ritas, de esta iniciativa.<\/p>\n<p><a href=\"https:\/\/blog.caritas.barcelona\/wp-content\/uploads\/sites\/2\/2015\/11\/Cercle-artistic-2.jpg\"><img loading=\"lazy\" decoding=\"async\" class=\"size-medium wp-image-9363 aligncenter\" alt=\"Cercle artistic 2\" src=\"https:\/\/blog.caritas.barcelona\/wp-content\/uploads\/sites\/2\/2015\/11\/Cercle-artistic-2-560x420.jpg\" width=\"560\" height=\"420\" \/><\/a><\/p>\n<p><a href=\"https:\/\/blog.caritas.barcelona\/wp-content\/uploads\/sites\/2\/2015\/11\/Cercle-artistic-3.jpg\"><img loading=\"lazy\" decoding=\"async\" class=\"size-medium wp-image-9364 aligncenter\" alt=\"Cercle artistic 3\" src=\"https:\/\/blog.caritas.barcelona\/wp-content\/uploads\/sites\/2\/2015\/11\/Cercle-artistic-3-560x420.jpg\" width=\"560\" height=\"420\" \/><\/a><\/p>\n<p>Durante la cena se sortearon tres cuadros de los prestigiosos pintores <strong>Jordi Alum\u00e0<\/strong>,\u00a0<strong>Josep Crua\u00f1as<\/strong>\u00a0i\u00a0<strong>Jordi Roll\u00e1n<\/strong>. Los tres pintores cedieron generosamente sus obras para este <strong>sorteo a favor de C\u00e1ritas<\/strong>.<\/p>\n<p style=\"text-align: center;\"><a href=\"https:\/\/blog.caritas.barcelona\/wp-content\/uploads\/sites\/2\/2015\/11\/Cercle-artistic-4.jpg\"><img loading=\"lazy\" decoding=\"async\" class=\"alignnone size-medium wp-image-9365\" alt=\"Cercle artistic 4\" src=\"https:\/\/blog.caritas.barcelona\/wp-content\/uploads\/sites\/2\/2015\/11\/Cercle-artistic-4-560x420.jpg\" width=\"560\" height=\"420\" \/><\/a><\/p>\n<p>El Presidente del Reial Cercle Art\u00edstic de Barcelona, \u200b\u200bel <strong>Sr. Josep F\u00e8lix Bentz<\/strong>, entreg\u00f3 al Director de C\u00e1ritas Diocesana de Barcelona, \u200b\u200bel <strong>Sr. Salvador Busquets<\/strong>, un cheque con el dinero recaudado, que ir\u00e1 destinado \u00edntegramente a la <strong>acci\u00f3n de C\u00e1ritas con los refugiados<\/strong>.<\/p>\n<p>Desde C\u00e1ritas queremos dar las gracias a todos los miembros del <a href=\"http:\/\/www.reialcercleartistic.cat\/w\/\" target=\"_blank\"><strong>Reial Cercle Art\u00edstic de Barcelona<\/strong><\/a>, por acoger esta cena solidaria, as\u00ed como a los tres pintores que cedieron sus obras.<\/p>\n<p>MUCH\u00cdSIMAS GRACIAS!!!<\/p>\n","protected":false},"excerpt":{"rendered":"<p>Tuvo lugar el pasado 22 de octubre en la sede del Reial Cercle Art\u00edstic de Barcelona. Asistieron 94 personas, y se sortearon tres cuadros de manera solidaria.<\/p>\n","protected":false},"author":4,"featured_media":0,"comment_status":"open","ping_status":"open","sticky":false,"template":"","format":"standard","meta":{"footnotes":""},"categories":[22],"tags":[62,49,913,261,914,915],"autor":[36],"class_list":["post-4274","post","type-post","status-publish","format-standard","hentry","category-entidades-con-corazon","tag-barcelona","tag-caritas","tag-cena-solidaria","tag-cercle-artistic","tag-cuadros","tag-sorteo","autor-caritas-diocesana-de-barcelona-es"],"aioseo_notices":[],"_links":{"self":[{"href":"https:\/\/blog.caritas.barcelona\/es\/wp-json\/wp\/v2\/posts\/4274","targetHints":{"allow":["GET"]}}],"collection":[{"href":"https:\/\/blog.caritas.barcelona\/es\/wp-json\/wp\/v2\/posts"}],"about":[{"href":"https:\/\/blog.caritas.barcelona\/es\/wp-json\/wp\/v2\/types\/post"}],"author":[{"embeddable":true,"href":"https:\/\/blog.caritas.barcelona\/es\/wp-json\/wp\/v2\/users\/4"}],"replies":[{"embeddable":true,"href":"https:\/\/blog.caritas.barcelona\/es\/wp-json\/wp\/v2\/comments?post=4274"}],"version-history":[{"count":0,"href":"https:\/\/blog.caritas.barcelona\/es\/wp-json\/wp\/v2\/posts\/4274\/revisions"}],"wp:attachment":[{"href":"https:\/\/blog.caritas.barcelona\/es\/wp-json\/wp\/v2\/media?parent=4274"}],"wp:term":[{"taxonomy":"category","embeddable":true,"href":"https:\/\/blog.caritas.barcelona\/es\/wp-json\/wp\/v2\/categories?post=4274"},{"taxonomy":"post_tag","embeddable":true,"href":"https:\/\/blog.caritas.barcelona\/es\/wp-json\/wp\/v2\/tags?post=4274"},{"taxonomy":"autor","embeddable":true,"href":"https:\/\/blog.caritas.barcelona\/es\/wp-json\/wp\/v2\/autor?post=4274"}],"curies":[{"name":"wp","href":"https:\/\/api.w.org\/{rel}","templated":true}]}}