{"id":4272,"date":"2015-11-02T00:00:00","date_gmt":"2015-11-01T23:00:00","guid":{"rendered":"https:\/\/blog.caritas.barcelona\/acogida-y-acompanamiento\/cementiris-de-barcelona-sa-al-lado-de-caritas\/"},"modified":"2023-08-15T14:47:09","modified_gmt":"2023-08-15T12:47:09","slug":"cementiris-de-barcelona-sa-al-lado-de-caritas","status":"publish","type":"post","link":"https:\/\/blog.caritas.barcelona\/es\/entidades-con-corazon\/cementiris-de-barcelona-sa-al-lado-de-caritas\/","title":{"rendered":"Cementiris de Barcelona SA, al lado de C\u00e1ritas"},"content":{"rendered":"<p>El pasado 23 de octubre se firm\u00f3 la renovaci\u00f3n del <strong>acuerdo de colaboraci\u00f3n<\/strong> entre Cementiris de Barcelona SA y C\u00e1ritas Diocesana de Barcelona.<!--more--><\/p>\n<p>Se trata de un <strong>compromiso nacido en 2012<\/strong> que contempla el seguir ayudando econ\u00f3micamente al <strong>Programa Paid\u00f3s<\/strong>, de prevenci\u00f3n de la Pobreza Infantil. Tambi\u00e9n incluye unas <strong>condiciones especiales<\/strong>, que en algunos casos llegan a ser totalmente gratuitas, de sus servicios funerarios, pensado para aquellas familias y personas atendidas por C\u00e1ritas que no puedan pagarlos.<\/p>\n<p style=\"text-align: center;\">\n<p>Desde nuestra organizaci\u00f3n agradecemos a <strong>Cementiris de Barcelona SA<\/strong> su generosidad con las personas que atendemos. Much\u00edsimas gracias!<\/p>\n","protected":false},"excerpt":{"rendered":"<p>El pasado 23 de octubre se firm\u00f3 la renovaci\u00f3n del acuerdo de colaboraci\u00f3n entre Cementiris de Barcelona SA y C\u00e1ritas Diocesana de Barcelona.<\/p>\n","protected":false},"author":4,"featured_media":0,"comment_status":"closed","ping_status":"closed","sticky":false,"template":"","format":"standard","meta":{"footnotes":""},"categories":[22],"tags":[870,1903,1224,912],"autor":[36],"class_list":["post-4272","post","type-post","status-publish","format-standard","hentry","category-entidades-con-corazon","tag-acuerdo","tag-barcelona-es","tag-caritas-es","tag-cementerios","autor-caritas-diocesana-de-barcelona-es"],"aioseo_notices":[],"_links":{"self":[{"href":"https:\/\/blog.caritas.barcelona\/es\/wp-json\/wp\/v2\/posts\/4272","targetHints":{"allow":["GET"]}}],"collection":[{"href":"https:\/\/blog.caritas.barcelona\/es\/wp-json\/wp\/v2\/posts"}],"about":[{"href":"https:\/\/blog.caritas.barcelona\/es\/wp-json\/wp\/v2\/types\/post"}],"author":[{"embeddable":true,"href":"https:\/\/blog.caritas.barcelona\/es\/wp-json\/wp\/v2\/users\/4"}],"replies":[{"embeddable":true,"href":"https:\/\/blog.caritas.barcelona\/es\/wp-json\/wp\/v2\/comments?post=4272"}],"version-history":[{"count":1,"href":"https:\/\/blog.caritas.barcelona\/es\/wp-json\/wp\/v2\/posts\/4272\/revisions"}],"predecessor-version":[{"id":13131,"href":"https:\/\/blog.caritas.barcelona\/es\/wp-json\/wp\/v2\/posts\/4272\/revisions\/13131"}],"wp:attachment":[{"href":"https:\/\/blog.caritas.barcelona\/es\/wp-json\/wp\/v2\/media?parent=4272"}],"wp:term":[{"taxonomy":"category","embeddable":true,"href":"https:\/\/blog.caritas.barcelona\/es\/wp-json\/wp\/v2\/categories?post=4272"},{"taxonomy":"post_tag","embeddable":true,"href":"https:\/\/blog.caritas.barcelona\/es\/wp-json\/wp\/v2\/tags?post=4272"},{"taxonomy":"autor","embeddable":true,"href":"https:\/\/blog.caritas.barcelona\/es\/wp-json\/wp\/v2\/autor?post=4272"}],"curies":[{"name":"wp","href":"https:\/\/api.w.org\/{rel}","templated":true}]}}