{"id":4256,"date":"2015-09-29T00:00:00","date_gmt":"2015-09-28T22:00:00","guid":{"rendered":"https:\/\/blog.caritas.barcelona\/acogida-y-acompanamiento\/aramark-hace-una-recogida-de-material-escolar-a-favor-de-caritas\/"},"modified":"2023-08-15T14:49:29","modified_gmt":"2023-08-15T12:49:29","slug":"aramark-hace-una-recogida-de-material-escolar-a-favor-de-caritas","status":"publish","type":"post","link":"https:\/\/blog.caritas.barcelona\/es\/entidades-con-corazon\/aramark-hace-una-recogida-de-material-escolar-a-favor-de-caritas\/","title":{"rendered":"Aramark hace una recogida de material escolar a favor de C\u00e1ritas"},"content":{"rendered":"<p><strong>La entrega del material<\/strong> se hizo personalmente este mes de septiembre, en el <strong>almac\u00e9n<\/strong> de C\u00e1ritas Diocesana de Barcelona.<!--more--><\/p>\n<p>Aramark, empresa l\u00edder en servicios profesionales, organiz\u00f3 esta recogida solidaria de material escolar a favor de los centros de C\u00e1ritas, como <strong>Glamparetes<\/strong> (Centro de Adolescentes), en el barrio de la Barceloneta, o bien <strong>Marialar<\/strong>.<\/p>\n<p>&nbsp;<\/p>\n<p>En nombre de todos los ni\u00f1os y j\u00f3venes de nuestros proyectos, agradecemos de todo coraz\u00f3n a la empresa <strong>Aramark<\/strong> su colaboraci\u00f3n.<\/p>\n","protected":false},"excerpt":{"rendered":"<p>La entrega del material se hizo personalmente este mes de septiembre, en el almac\u00e9n de C\u00e1ritas Diocesana de Barcelona.<\/p>\n","protected":false},"author":4,"featured_media":0,"comment_status":"closed","ping_status":"closed","sticky":false,"template":"","format":"standard","meta":{"footnotes":""},"categories":[22],"tags":[2154,1947,2155,2156,887,2087],"autor":[36],"class_list":["post-4256","post","type-post","status-publish","format-standard","hentry","category-entidades-con-corazon","tag-aramark-es","tag-glamparetes-es","tag-marialar-es","tag-material-escolar-es","tag-recogida","tag-solidaria-es","autor-caritas-diocesana-de-barcelona-es"],"aioseo_notices":[],"_links":{"self":[{"href":"https:\/\/blog.caritas.barcelona\/es\/wp-json\/wp\/v2\/posts\/4256","targetHints":{"allow":["GET"]}}],"collection":[{"href":"https:\/\/blog.caritas.barcelona\/es\/wp-json\/wp\/v2\/posts"}],"about":[{"href":"https:\/\/blog.caritas.barcelona\/es\/wp-json\/wp\/v2\/types\/post"}],"author":[{"embeddable":true,"href":"https:\/\/blog.caritas.barcelona\/es\/wp-json\/wp\/v2\/users\/4"}],"replies":[{"embeddable":true,"href":"https:\/\/blog.caritas.barcelona\/es\/wp-json\/wp\/v2\/comments?post=4256"}],"version-history":[{"count":1,"href":"https:\/\/blog.caritas.barcelona\/es\/wp-json\/wp\/v2\/posts\/4256\/revisions"}],"predecessor-version":[{"id":13134,"href":"https:\/\/blog.caritas.barcelona\/es\/wp-json\/wp\/v2\/posts\/4256\/revisions\/13134"}],"wp:attachment":[{"href":"https:\/\/blog.caritas.barcelona\/es\/wp-json\/wp\/v2\/media?parent=4256"}],"wp:term":[{"taxonomy":"category","embeddable":true,"href":"https:\/\/blog.caritas.barcelona\/es\/wp-json\/wp\/v2\/categories?post=4256"},{"taxonomy":"post_tag","embeddable":true,"href":"https:\/\/blog.caritas.barcelona\/es\/wp-json\/wp\/v2\/tags?post=4256"},{"taxonomy":"autor","embeddable":true,"href":"https:\/\/blog.caritas.barcelona\/es\/wp-json\/wp\/v2\/autor?post=4256"}],"curies":[{"name":"wp","href":"https:\/\/api.w.org\/{rel}","templated":true}]}}