{"id":4253,"date":"2015-09-21T00:00:00","date_gmt":"2015-09-20T22:00:00","guid":{"rendered":"https:\/\/blog.caritas.barcelona\/acogida-y-acompanamiento\/menarini-y-caritas-firman-el-convenio-de-colaboracion\/"},"modified":"2023-08-15T15:03:49","modified_gmt":"2023-08-15T13:03:49","slug":"menarini-y-caritas-firman-el-convenio-de-colaboracion","status":"publish","type":"post","link":"https:\/\/blog.caritas.barcelona\/es\/entidades-con-corazon\/menarini-y-caritas-firman-el-convenio-de-colaboracion\/","title":{"rendered":"Menarini y C\u00e1ritas firman el convenio de colaboraci\u00f3n"},"content":{"rendered":"<p>El pasado 17 de septiembre, el <a href=\"http:\/\/www.menarini.es\/\" target=\"_blank\" rel=\"noopener\"><strong>grupo Menarini<\/strong><\/a>\u00a0firm\u00f3 el convenio de colaboraci\u00f3n con C\u00e1ritas, relacionado con el <strong>concierto solidario<\/strong> del pr\u00f3ximo 15 de octubre.<!--more--><\/p>\n<p>El acto de firma tuvo lugar en el Centro Folre de C\u00e1ritas Badalona. El convenio fue firmado por <strong>Salvador Busquets<\/strong>, director de C\u00e1ritas Diocesana de Barcelona, y el director del grupo Menarini, el <strong>Sr. Salvador Pons<\/strong>. Este \u00faltimo acudi\u00f3, unos d\u00edas m\u00e1s tarde, a una reuni\u00f3n de los miembros de Entidades con Coraz\u00f3n, para explicar el concierto solidario y empezar a promover la venta de entradas.<\/p>\n<p style=\"text-align: center;\"><img loading=\"lazy\" decoding=\"async\" class=\"alignnone wp-image-9128 size-medium\" src=\"https:\/\/blog.caritas.barcelona\/wp-content\/uploads\/sites\/2\/2015\/09\/Menarini-31-560x326.jpg\" alt=\"Menarini 3\" width=\"560\" height=\"326\" \/><\/p>\n<p>Desde C\u00e1ritas agradecemos al <strong>grupo Menarini<\/strong> esta iniciativa. Esperamos que el concierto sea todo un \u00e9xito! Much\u00edsimas gracias.<\/p>\n","protected":false},"excerpt":{"rendered":"<p>El pasado 17 de septiembre, el grupo Menarini\u00a0firm\u00f3 el convenio de colaboraci\u00f3n con C\u00e1ritas, relacionado con el concierto solidario del pr\u00f3ximo 15 de octubre.<\/p>\n","protected":false},"author":4,"featured_media":0,"comment_status":"closed","ping_status":"closed","sticky":false,"template":"","format":"standard","meta":{"footnotes":""},"categories":[22],"tags":[1224,882,883,884,2136,846],"autor":[36],"class_list":["post-4253","post","type-post","status-publish","format-standard","hentry","category-entidades-con-corazon","tag-caritas-es","tag-concertio","tag-convenio","tag-firma","tag-menarini-es","tag-solidario","autor-caritas-diocesana-de-barcelona-es"],"aioseo_notices":[],"_links":{"self":[{"href":"https:\/\/blog.caritas.barcelona\/es\/wp-json\/wp\/v2\/posts\/4253","targetHints":{"allow":["GET"]}}],"collection":[{"href":"https:\/\/blog.caritas.barcelona\/es\/wp-json\/wp\/v2\/posts"}],"about":[{"href":"https:\/\/blog.caritas.barcelona\/es\/wp-json\/wp\/v2\/types\/post"}],"author":[{"embeddable":true,"href":"https:\/\/blog.caritas.barcelona\/es\/wp-json\/wp\/v2\/users\/4"}],"replies":[{"embeddable":true,"href":"https:\/\/blog.caritas.barcelona\/es\/wp-json\/wp\/v2\/comments?post=4253"}],"version-history":[{"count":1,"href":"https:\/\/blog.caritas.barcelona\/es\/wp-json\/wp\/v2\/posts\/4253\/revisions"}],"predecessor-version":[{"id":13145,"href":"https:\/\/blog.caritas.barcelona\/es\/wp-json\/wp\/v2\/posts\/4253\/revisions\/13145"}],"wp:attachment":[{"href":"https:\/\/blog.caritas.barcelona\/es\/wp-json\/wp\/v2\/media?parent=4253"}],"wp:term":[{"taxonomy":"category","embeddable":true,"href":"https:\/\/blog.caritas.barcelona\/es\/wp-json\/wp\/v2\/categories?post=4253"},{"taxonomy":"post_tag","embeddable":true,"href":"https:\/\/blog.caritas.barcelona\/es\/wp-json\/wp\/v2\/tags?post=4253"},{"taxonomy":"autor","embeddable":true,"href":"https:\/\/blog.caritas.barcelona\/es\/wp-json\/wp\/v2\/autor?post=4253"}],"curies":[{"name":"wp","href":"https:\/\/api.w.org\/{rel}","templated":true}]}}