{"id":4249,"date":"2015-07-26T00:00:00","date_gmt":"2015-07-25T22:00:00","guid":{"rendered":"https:\/\/blog.caritas.barcelona\/acogida-y-acompanamiento\/salida-del-paidos-sant-adria-al-sendero-de-los-sentidos\/"},"modified":"2017-07-14T13:47:24","modified_gmt":"2017-07-14T11:47:24","slug":"salida-del-paidos-sant-adria-al-sendero-de-los-sentidos","status":"publish","type":"post","link":"https:\/\/blog.caritas.barcelona\/es\/entidades-con-corazon\/salida-del-paidos-sant-adria-al-sendero-de-los-sentidos\/","title":{"rendered":"Salida del Paid\u00f2s Sant Adri\u00e0 al Sendero de los Sentidos"},"content":{"rendered":"<p>El pasado 24 de julio, el <strong>Paid\u00f2s Sant Adri\u00e0<\/strong> hizo una salida con los ni\u00f1os y sus familias al <strong>Sendero de los Sentidos<\/strong>. La excursi\u00f3n no habr\u00eda sido posible sin la generosidad de <strong>Autocars Font<\/strong>.<!--more--><\/p>\n<p>Despu\u00e9s de algunas semanas de gran expectativa, lleg\u00f3 el gran d\u00eda. El 24 de julio, a las 11 de la ma\u00f1ana ya empezaban a llegar las familias, llenas de emoci\u00f3n y ganas de pasar un gran d\u00eda, <strong>un d\u00eda diferente<\/strong>.<\/p>\n<p><a href=\"https:\/\/blog.caritas.barcelona\/wp-content\/uploads\/sites\/2\/2015\/09\/font-1.jpg\"><img loading=\"lazy\" decoding=\"async\" class=\"size-medium wp-image-9065 aligncenter\" src=\"https:\/\/blog.caritas.barcelona\/wp-content\/uploads\/sites\/2\/2015\/09\/font-1-560x345.jpg\" alt=\"font 1\" width=\"560\" height=\"345\" \/><\/a><\/p>\n<p>Una vez llegaron a su destino, disfrutaron de un picnic y una buena comida en un agradable entorno lleno de naturaleza. Despu\u00e9s de comer, comenz\u00f3 la actividad principal: el Sendero de los Sentidos, un sendero por el que <strong>caminaron descalzos<\/strong>, conociendo texturas, olores y un mont\u00f3n de sensaciones.<\/p>\n<p><a href=\"https:\/\/blog.caritas.barcelona\/wp-content\/uploads\/sites\/2\/2015\/09\/font-2.jpg\"><img loading=\"lazy\" decoding=\"async\" class=\"size-medium wp-image-9066 aligncenter\" src=\"https:\/\/blog.caritas.barcelona\/wp-content\/uploads\/sites\/2\/2015\/09\/font-2-560x420.jpg\" alt=\"font 2\" width=\"560\" height=\"420\" \/><\/a><\/p>\n<p><img loading=\"lazy\" decoding=\"async\" class=\"aligncenter wp-image-9067 size-medium\" src=\"https:\/\/blog.caritas.barcelona\/wp-content\/uploads\/sites\/2\/2015\/09\/font-3.jpg\" alt=\"font 3\" width=\"560\" height=\"420\" \/><\/p>\n<p>De este modo, las familias del Paid\u00f2s Sant Adri\u00e0 cerraron el curso de la mejor manera posible: con una gran sonrisa y una salida a un entorno diferente y \u00fanico.<\/p>\n<p>Desde C\u00e1ritas queremos agradecer especialmente a<strong> Autocars Font<\/strong> su generosidad a la hora de facilitar el transporte para llevar a cabo esta actividad. Much\u00edsimas gracias con coraz\u00f3n!!<\/p>\n","protected":false},"excerpt":{"rendered":"<p>El pasado 24 de julio, el Paid\u00f2s Sant Adri\u00e0 hizo una salida con los ni\u00f1os y sus familias al Sendero de los Sentidos. La excursi\u00f3n no habr\u00eda sido posible sin la generosidad de Autocars Font.<\/p>\n","protected":false},"author":4,"featured_media":0,"comment_status":"open","ping_status":"open","sticky":false,"template":"","format":"standard","meta":{"footnotes":""},"categories":[22],"tags":[875,90,183,876,877],"autor":[36],"class_list":["post-4249","post","type-post","status-publish","format-standard","hentry","category-entidades-con-corazon","tag-autocares-font","tag-paidos","tag-sant-adria","tag-sendero","tag-sentidos","autor-caritas-diocesana-de-barcelona-es"],"aioseo_notices":[],"_links":{"self":[{"href":"https:\/\/blog.caritas.barcelona\/es\/wp-json\/wp\/v2\/posts\/4249","targetHints":{"allow":["GET"]}}],"collection":[{"href":"https:\/\/blog.caritas.barcelona\/es\/wp-json\/wp\/v2\/posts"}],"about":[{"href":"https:\/\/blog.caritas.barcelona\/es\/wp-json\/wp\/v2\/types\/post"}],"author":[{"embeddable":true,"href":"https:\/\/blog.caritas.barcelona\/es\/wp-json\/wp\/v2\/users\/4"}],"replies":[{"embeddable":true,"href":"https:\/\/blog.caritas.barcelona\/es\/wp-json\/wp\/v2\/comments?post=4249"}],"version-history":[{"count":1,"href":"https:\/\/blog.caritas.barcelona\/es\/wp-json\/wp\/v2\/posts\/4249\/revisions"}],"predecessor-version":[{"id":4426,"href":"https:\/\/blog.caritas.barcelona\/es\/wp-json\/wp\/v2\/posts\/4249\/revisions\/4426"}],"wp:attachment":[{"href":"https:\/\/blog.caritas.barcelona\/es\/wp-json\/wp\/v2\/media?parent=4249"}],"wp:term":[{"taxonomy":"category","embeddable":true,"href":"https:\/\/blog.caritas.barcelona\/es\/wp-json\/wp\/v2\/categories?post=4249"},{"taxonomy":"post_tag","embeddable":true,"href":"https:\/\/blog.caritas.barcelona\/es\/wp-json\/wp\/v2\/tags?post=4249"},{"taxonomy":"autor","embeddable":true,"href":"https:\/\/blog.caritas.barcelona\/es\/wp-json\/wp\/v2\/autor?post=4249"}],"curies":[{"name":"wp","href":"https:\/\/api.w.org\/{rel}","templated":true}]}}