{"id":4248,"date":"2015-07-22T00:00:00","date_gmt":"2015-07-21T22:00:00","guid":{"rendered":"https:\/\/blog.caritas.barcelona\/acogida-y-acompanamiento\/sgs-tecnos-sa-renueva-su-acuerdo-con-caritas\/"},"modified":"2023-10-09T10:15:00","modified_gmt":"2023-10-09T08:15:00","slug":"sgs-tecnos-sa-renueva-su-acuerdo-con-caritas","status":"publish","type":"post","link":"https:\/\/blog.caritas.barcelona\/es\/entidades-con-corazon\/sgs-tecnos-sa-renueva-su-acuerdo-con-caritas\/","title":{"rendered":"SGS Tecnos SA renueva su acuerdo con C\u00e1ritas"},"content":{"rendered":"<p>El pasado 20 de julio se firm\u00f3 el <strong>acuerdo de colaboraci\u00f3n<\/strong> entre SGS Tecnos SA y C\u00e1ritas Diocesana de Barcelona.\u00a0<!--more--><\/p>\n<p>El acto de firma se llev\u00f3 a cabo por parte de <strong>Cristina Casanovas<\/strong>, Responsable de Desarrollo de Negocio y Mejora de Procesos en Catalu\u00f1a de SGS, y de <strong>Montserrat Padilla<\/strong>, Secretaria de C\u00e1ritas.<\/p>\n<p>El acuerdo firmado sigue en la l\u00ednea de la <strong>prestaci\u00f3n de los servicios profesionales<\/strong> (certificados de conformidad de las actividades y verificaciones de los servicios de las viviendas e instalaciones). La forma y la cantidad de estas prestaciones se acordar\u00e1n anualmente.<\/p>\n<p><img loading=\"lazy\" decoding=\"async\" class=\"aligncenter wp-image-9057 size-medium\" src=\"https:\/\/blog.caritas.barcelona\/wp-content\/uploads\/sites\/2\/2015\/09\/IMG_0435-560x420.jpg\" alt=\"IMG_0435\" width=\"560\" height=\"420\" \/><\/p>\n<p>Al terminar, la Sra. Casanovas coment\u00f3 que <strong>ayudar\u00edan en las acciones sociales promovidas por C\u00e1ritas<\/strong>. De hecho, dijo que estaban preparando la campa\u00f1a de recogida de material escolar.<\/p>\n<p>Desde C\u00e1ritas queremos agradecer la fidelidad y el compromiso de <strong>SGS Tecnos SA<\/strong> con nuestra labor. Much\u00edsimas gracias.<\/p>\n","protected":false},"excerpt":{"rendered":"<p>El pasado 20 de julio se firm\u00f3 el acuerdo de colaboraci\u00f3n entre SGS Tecnos SA y C\u00e1ritas Diocesana de Barcelona.\u00a0<\/p>\n","protected":false},"author":4,"featured_media":0,"comment_status":"closed","ping_status":"closed","sticky":false,"template":"","format":"standard","meta":{"footnotes":""},"categories":[22],"tags":[870,1224,872,873,874],"autor":[36],"class_list":["post-4248","post","type-post","status-publish","format-standard","hentry","category-entidades-con-corazon","tag-acuerdo","tag-caritas-es","tag-colaboracion","tag-renovar","tag-sgs-tecnos-sa","autor-caritas-diocesana-de-barcelona-es"],"aioseo_notices":[],"_links":{"self":[{"href":"https:\/\/blog.caritas.barcelona\/es\/wp-json\/wp\/v2\/posts\/4248","targetHints":{"allow":["GET"]}}],"collection":[{"href":"https:\/\/blog.caritas.barcelona\/es\/wp-json\/wp\/v2\/posts"}],"about":[{"href":"https:\/\/blog.caritas.barcelona\/es\/wp-json\/wp\/v2\/types\/post"}],"author":[{"embeddable":true,"href":"https:\/\/blog.caritas.barcelona\/es\/wp-json\/wp\/v2\/users\/4"}],"replies":[{"embeddable":true,"href":"https:\/\/blog.caritas.barcelona\/es\/wp-json\/wp\/v2\/comments?post=4248"}],"version-history":[{"count":1,"href":"https:\/\/blog.caritas.barcelona\/es\/wp-json\/wp\/v2\/posts\/4248\/revisions"}],"predecessor-version":[{"id":13284,"href":"https:\/\/blog.caritas.barcelona\/es\/wp-json\/wp\/v2\/posts\/4248\/revisions\/13284"}],"wp:attachment":[{"href":"https:\/\/blog.caritas.barcelona\/es\/wp-json\/wp\/v2\/media?parent=4248"}],"wp:term":[{"taxonomy":"category","embeddable":true,"href":"https:\/\/blog.caritas.barcelona\/es\/wp-json\/wp\/v2\/categories?post=4248"},{"taxonomy":"post_tag","embeddable":true,"href":"https:\/\/blog.caritas.barcelona\/es\/wp-json\/wp\/v2\/tags?post=4248"},{"taxonomy":"autor","embeddable":true,"href":"https:\/\/blog.caritas.barcelona\/es\/wp-json\/wp\/v2\/autor?post=4248"}],"curies":[{"name":"wp","href":"https:\/\/api.w.org\/{rel}","templated":true}]}}