{"id":4246,"date":"2015-09-15T00:00:00","date_gmt":"2015-09-14T22:00:00","guid":{"rendered":"https:\/\/blog.caritas.barcelona\/acogida-y-acompanamiento\/la-cursa-de-la-merce-solidaria-con-caritas-un-ano-mas\/"},"modified":"2015-09-15T00:00:00","modified_gmt":"2015-09-14T22:00:00","slug":"la-cursa-de-la-merce-solidaria-con-caritas-un-ano-mas","status":"publish","type":"post","link":"https:\/\/blog.caritas.barcelona\/es\/entidades-con-corazon\/la-cursa-de-la-merce-solidaria-con-caritas-un-ano-mas\/","title":{"rendered":"La Cursa de la Merc\u00e8, solidaria con C\u00e1ritas un a\u00f1o m\u00e1s"},"content":{"rendered":"<p>Un a\u00f1o m\u00e1s, la Cursa de la Merced vuelve a ser solidaria con C\u00e1ritas. <strong>M\u00e1s de 14.000 corredores<\/strong> participaron en el acontecimiento y colaboraron con la entidad dando su \u201c<strong>chip blanco<\/strong>\u201d.<\/p>\n<p><!--more--><!--more--><\/p>\n<p>Como cada a\u00f1o, un <strong>equipo de voluntarios<\/strong> formado por estudiantes de <strong>Blanquerna<\/strong>, de la <strong>Universidad Pompeu Fabra<\/strong> y de la <strong>Universidad de Barcelona<\/strong>, junto con <strong>voluntarios de Clubes con Coraz\u00f3n<\/strong>, se encargaron de hacer la recogida de chips en cuanto los corredores pasaron la l\u00ednea de meta. Por cada corredor que entreg\u00f3 su chip blanco, se hizo una <strong>aportaci\u00f3n de 80 c\u00e9ntimos para C\u00e1ritas<\/strong>.<\/p>\n<p><a href=\"https:\/\/blog.caritas.barcelona\/wp-content\/uploads\/sites\/2\/2015\/09\/IMG_1986.jpg\"><img loading=\"lazy\" decoding=\"async\" class=\"size-medium wp-image-9041 aligncenter\" alt=\"IMG_1986\" src=\"https:\/\/blog.caritas.barcelona\/wp-content\/uploads\/sites\/2\/2015\/09\/IMG_1986-560x420.jpg\" width=\"560\" height=\"420\" \/><\/a><\/p>\n<p><a href=\"https:\/\/blog.caritas.barcelona\/wp-content\/uploads\/sites\/2\/2015\/09\/IMG_1930.jpg\"><img loading=\"lazy\" decoding=\"async\" class=\"size-medium wp-image-9039 aligncenter\" alt=\"IMG_1930\" src=\"https:\/\/blog.caritas.barcelona\/wp-content\/uploads\/sites\/2\/2015\/09\/IMG_1930-560x420.jpg\" width=\"560\" height=\"420\" \/><\/a><\/p>\n<p>Desde C\u00e1ritas damos las gracias a todos los participantes, al <strong>Ayuntamiento de Barcelona<\/strong>, a la empresa <strong>Championchip<\/strong> y a todos los voluntarios, por su colaboraci\u00f3n y por hacer posible esta buena acci\u00f3n.<\/p>\n","protected":false},"excerpt":{"rendered":"<p>Un a\u00f1o m\u00e1s, la Cursa de la Merced vuelve a ser solidaria con C\u00e1ritas. M\u00e1s de 14.000 corredores participaron en el acontecimiento y colaboraron con la entidad dando su \u201cchip blanco\u201d.<\/p>\n","protected":false},"author":4,"featured_media":0,"comment_status":"open","ping_status":"open","sticky":false,"template":"","format":"standard","meta":{"footnotes":""},"categories":[22],"tags":[173,49,41,869,34,175],"autor":[36],"class_list":["post-4246","post","type-post","status-publish","format-standard","hentry","category-entidades-con-corazon","tag-173","tag-caritas","tag-championchip","tag-cursa-merc","tag-voluntaris","tag-xip-blanc","autor-caritas-diocesana-de-barcelona-es"],"aioseo_notices":[],"_links":{"self":[{"href":"https:\/\/blog.caritas.barcelona\/es\/wp-json\/wp\/v2\/posts\/4246","targetHints":{"allow":["GET"]}}],"collection":[{"href":"https:\/\/blog.caritas.barcelona\/es\/wp-json\/wp\/v2\/posts"}],"about":[{"href":"https:\/\/blog.caritas.barcelona\/es\/wp-json\/wp\/v2\/types\/post"}],"author":[{"embeddable":true,"href":"https:\/\/blog.caritas.barcelona\/es\/wp-json\/wp\/v2\/users\/4"}],"replies":[{"embeddable":true,"href":"https:\/\/blog.caritas.barcelona\/es\/wp-json\/wp\/v2\/comments?post=4246"}],"version-history":[{"count":0,"href":"https:\/\/blog.caritas.barcelona\/es\/wp-json\/wp\/v2\/posts\/4246\/revisions"}],"wp:attachment":[{"href":"https:\/\/blog.caritas.barcelona\/es\/wp-json\/wp\/v2\/media?parent=4246"}],"wp:term":[{"taxonomy":"category","embeddable":true,"href":"https:\/\/blog.caritas.barcelona\/es\/wp-json\/wp\/v2\/categories?post=4246"},{"taxonomy":"post_tag","embeddable":true,"href":"https:\/\/blog.caritas.barcelona\/es\/wp-json\/wp\/v2\/tags?post=4246"},{"taxonomy":"autor","embeddable":true,"href":"https:\/\/blog.caritas.barcelona\/es\/wp-json\/wp\/v2\/autor?post=4246"}],"curies":[{"name":"wp","href":"https:\/\/api.w.org\/{rel}","templated":true}]}}