{"id":4243,"date":"2015-06-23T00:00:00","date_gmt":"2015-06-22T22:00:00","guid":{"rendered":"https:\/\/blog.caritas.barcelona\/acogida-y-acompanamiento\/presentacion-del-vii-informe-foessa-en-el-col%c2%b7legi-denginyers\/"},"modified":"2015-06-23T00:00:00","modified_gmt":"2015-06-22T22:00:00","slug":"presentacion-del-vii-informe-foessa-en-el-col%c2%b7legi-denginyers","status":"publish","type":"post","link":"https:\/\/blog.caritas.barcelona\/es\/entidades-con-corazon\/presentacion-del-vii-informe-foessa-en-el-col%c2%b7legi-denginyers\/","title":{"rendered":"Presentaci\u00f3n del VII Informe FOESSA en el Col\u00b7legi d\u2019Enginyers"},"content":{"rendered":"<p>El pasado martes 16 de junio se present\u00f3, en el Col\u00b7legi d\u2019Enginyers Industrials de Catalunya, el <strong>VII Informe FOESSA<\/strong> sobre la <strong>exclusi\u00f3n social en Espa\u00f1a<\/strong>.<!--more--><\/p>\n<p>La <strong>Fundaci\u00f3n FOESSA<\/strong> (Fomento de Estudios Sociales y Sociolog\u00eda Aplicada) es una entidad creada por C\u00e1ritas Espa\u00f1ola en 1965. Este a\u00f1o, los resultados del Informe aseguran que <strong>la exclusi\u00f3n social ha aumentado<\/strong> y est\u00e1 proyectando una visi\u00f3n negativa de una <strong>fractura social<\/strong>. S\u00f3lo un 34% de la poblaci\u00f3n espa\u00f1ola vive en situaci\u00f3n de integraci\u00f3n plena.<\/p>\n<p>Durante la sesi\u00f3n informativa, <strong>Fernando Porta<\/strong>, representante de C\u00e1ritas Diocesana de Barcelona, \u200b\u200bhizo un llamamiento a favor de la necesidad de la Responsabilidad Social Empresarial. <strong>Francisco Lorenzo<\/strong>, coordinador del Informe FOESSA, revel\u00f3 que hay 12 millones de personas en situaci\u00f3n exclusi\u00f3n social, 5 de ellos en calificaci\u00f3n de severa.<\/p>\n<p style=\"text-align: center;\"><a href=\"http:\/\/entitatsambcor.org\/?attachment_id=8971\" rel=\"attachment wp-att-8971\"><img loading=\"lazy\" decoding=\"async\" class=\" wp-image-8971 aligncenter\" alt=\"foessa\" src=\"https:\/\/blog.caritas.barcelona\/wp-content\/uploads\/sites\/2\/2015\/07\/foessa.jpg\" width=\"432\" height=\"329\" \/><\/a><\/p>\n<p>Como parte de la clausura, <strong>Salvador Busquets<\/strong>, director de C\u00e1ritas Diocesana de Barcelona, \u200b\u200bagradeci\u00f3 el COEIC el haber acogido la presentaci\u00f3n del Informe, y alent\u00f3 a los ingenieros a participar en el debate de la exclusi\u00f3n social.<\/p>\n<p>Desde nuestra instituci\u00f3n tambi\u00e9n agradecemos al <strong>Col\u00b7legi d\u2019Enginyers Industrials de Catalunya<\/strong> que haya acogido la presentaci\u00f3n de este Informe, y al voluntario <strong>Ramon Bretcha<\/strong>, que se implic\u00f3 mucho en la organizaci\u00f3n. Much\u00edsimas gracias.<\/p>\n","protected":false},"excerpt":{"rendered":"<p>El pasado martes 16 de junio se present\u00f3, en el Col\u00b7legi d\u2019Enginyers Industrials de Catalunya, el VII Informe FOESSA sobre la exclusi\u00f3n social en Espa\u00f1a.<\/p>\n","protected":false},"author":4,"featured_media":0,"comment_status":"open","ping_status":"open","sticky":false,"template":"","format":"standard","meta":{"footnotes":""},"categories":[22],"tags":[162,164,165],"autor":[36],"class_list":["post-4243","post","type-post","status-publish","format-standard","hentry","category-entidades-con-corazon","tag-coeic","tag-foessa","tag-informe","autor-caritas-diocesana-de-barcelona-es"],"aioseo_notices":[],"_links":{"self":[{"href":"https:\/\/blog.caritas.barcelona\/es\/wp-json\/wp\/v2\/posts\/4243","targetHints":{"allow":["GET"]}}],"collection":[{"href":"https:\/\/blog.caritas.barcelona\/es\/wp-json\/wp\/v2\/posts"}],"about":[{"href":"https:\/\/blog.caritas.barcelona\/es\/wp-json\/wp\/v2\/types\/post"}],"author":[{"embeddable":true,"href":"https:\/\/blog.caritas.barcelona\/es\/wp-json\/wp\/v2\/users\/4"}],"replies":[{"embeddable":true,"href":"https:\/\/blog.caritas.barcelona\/es\/wp-json\/wp\/v2\/comments?post=4243"}],"version-history":[{"count":0,"href":"https:\/\/blog.caritas.barcelona\/es\/wp-json\/wp\/v2\/posts\/4243\/revisions"}],"wp:attachment":[{"href":"https:\/\/blog.caritas.barcelona\/es\/wp-json\/wp\/v2\/media?parent=4243"}],"wp:term":[{"taxonomy":"category","embeddable":true,"href":"https:\/\/blog.caritas.barcelona\/es\/wp-json\/wp\/v2\/categories?post=4243"},{"taxonomy":"post_tag","embeddable":true,"href":"https:\/\/blog.caritas.barcelona\/es\/wp-json\/wp\/v2\/tags?post=4243"},{"taxonomy":"autor","embeddable":true,"href":"https:\/\/blog.caritas.barcelona\/es\/wp-json\/wp\/v2\/autor?post=4243"}],"curies":[{"name":"wp","href":"https:\/\/api.w.org\/{rel}","templated":true}]}}