{"id":4242,"date":"2015-07-15T00:00:00","date_gmt":"2015-07-14T22:00:00","guid":{"rendered":"https:\/\/blog.caritas.barcelona\/acogida-y-acompanamiento\/el-caixaforum-acoge-la-exposicion-fotografica-somos-migrantes\/"},"modified":"2015-07-15T00:00:00","modified_gmt":"2015-07-14T22:00:00","slug":"el-caixaforum-acoge-la-exposicion-fotografica-somos-migrantes","status":"publish","type":"post","link":"https:\/\/blog.caritas.barcelona\/es\/entidades-con-corazon\/el-caixaforum-acoge-la-exposicion-fotografica-somos-migrantes\/","title":{"rendered":"El CaixaForum acoge la exposici\u00f3n fotogr\u00e1fica &#8220;Somos migrantes&#8221;"},"content":{"rendered":"<p>Hasta el 30 de agosto, la exposici\u00f3n propone, a trav\u00e9s de impactantes fotograf\u00edas, un <strong>viaje al drama de miles de personas<\/strong> que cruzan fronteras en busca de una vida mejor.<!--more--><\/p>\n<p>La muestra pone \u00e9nfasis en el sufrimiento que viven muchos inmigrantes en las fronteras Sur, en <strong>Melilla<\/strong> y en la que separa M\u00e9xico con EEUU. Hay que recordar que m\u00e1s de un mill\u00f3n de personas mexicanas y m\u00e1s de 300.000 centroamericanas intentan cruzar cada a\u00f1o la frontera entre M\u00e9xico y EEUU. <strong>S\u00f3lo un 15% lo consigue<\/strong>. La valla que separa el continente africano de Europa (conocida como el <strong>Muro de la muerte<\/strong>), en Melilla, tiene seis metros de altura y est\u00e1 revestida por hojas afiladas.<\/p>\n<p style=\"text-align: center;\"><a href=\"http:\/\/entitatsambcor.org\/?attachment_id=8946\" rel=\"attachment wp-att-8946\"><img loading=\"lazy\" decoding=\"async\" class=\" wp-image-8946 aligncenter\" alt=\"20150629-Inauguracio expo SOM MIGRANTS (12)\" src=\"https:\/\/blog.caritas.barcelona\/wp-content\/uploads\/sites\/2\/2015\/07\/20150629-Inauguracio-expo-SOM-MIGRANTS-12.jpg\" width=\"454\" height=\"302\" \/><\/a><\/p>\n<p>Desde el a\u00f1o 2000, <strong>m\u00e1s de 40.000 personas han perdido la vida<\/strong> buscando oportunidades de futuro mejores en pa\u00edses del Norte.<\/p>\n<p>La exposici\u00f3n est\u00e1 organizada por diversas entidades vinculadas con el mundo de la migraci\u00f3n, entre ellas <strong>C\u00e1ritas Diocesana de Barcelona<\/strong>.<\/p>\n<p style=\"text-align: center;\"><a href=\"http:\/\/entitatsambcor.org\/?attachment_id=8947\" rel=\"attachment wp-att-8947\"><img loading=\"lazy\" decoding=\"async\" class=\" wp-image-8947 aligncenter\" alt=\"20150629-Inauguracio expo SOM MIGRANTS (76)\" src=\"https:\/\/blog.caritas.barcelona\/wp-content\/uploads\/sites\/2\/2015\/07\/20150629-Inauguracio-expo-SOM-MIGRANTS-76.jpg\" width=\"454\" height=\"302\" \/><\/a><\/p>\n<p>Desde C\u00e1ritas, agradecemos al <strong>CaixaForum<\/strong> que acoja esta exposici\u00f3n que trata de sensibilizar en el gran drama que es el hecho migratorio.Tambi\u00e9n queremos dar las gracias a<strong> Stereo Rent<\/strong>, que nos ha cedido una\u00a0pantalla para proyectar el audiovisual de la exposici\u00f3n.<\/p>\n<p>Much\u00edsimas gracias.<\/p>\n","protected":false},"excerpt":{"rendered":"<p>Hasta el 30 de agosto, la exposici\u00f3n propone, a trav\u00e9s de impactantes fotograf\u00edas, un viaje al drama de miles de personas que cruzan fronteras en busca de una vida mejor.<\/p>\n","protected":false},"author":4,"featured_media":0,"comment_status":"open","ping_status":"open","sticky":false,"template":"","format":"standard","meta":{"footnotes":""},"categories":[22],"tags":[157,856,158,862,863],"autor":[36],"class_list":["post-4242","post","type-post","status-publish","format-standard","hentry","category-entidades-con-corazon","tag-caixaforum","tag-exposicion","tag-melilla","tag-mexico","tag-somos-migrantes","autor-caritas-diocesana-de-barcelona-es"],"aioseo_notices":[],"_links":{"self":[{"href":"https:\/\/blog.caritas.barcelona\/es\/wp-json\/wp\/v2\/posts\/4242","targetHints":{"allow":["GET"]}}],"collection":[{"href":"https:\/\/blog.caritas.barcelona\/es\/wp-json\/wp\/v2\/posts"}],"about":[{"href":"https:\/\/blog.caritas.barcelona\/es\/wp-json\/wp\/v2\/types\/post"}],"author":[{"embeddable":true,"href":"https:\/\/blog.caritas.barcelona\/es\/wp-json\/wp\/v2\/users\/4"}],"replies":[{"embeddable":true,"href":"https:\/\/blog.caritas.barcelona\/es\/wp-json\/wp\/v2\/comments?post=4242"}],"version-history":[{"count":0,"href":"https:\/\/blog.caritas.barcelona\/es\/wp-json\/wp\/v2\/posts\/4242\/revisions"}],"wp:attachment":[{"href":"https:\/\/blog.caritas.barcelona\/es\/wp-json\/wp\/v2\/media?parent=4242"}],"wp:term":[{"taxonomy":"category","embeddable":true,"href":"https:\/\/blog.caritas.barcelona\/es\/wp-json\/wp\/v2\/categories?post=4242"},{"taxonomy":"post_tag","embeddable":true,"href":"https:\/\/blog.caritas.barcelona\/es\/wp-json\/wp\/v2\/tags?post=4242"},{"taxonomy":"autor","embeddable":true,"href":"https:\/\/blog.caritas.barcelona\/es\/wp-json\/wp\/v2\/autor?post=4242"}],"curies":[{"name":"wp","href":"https:\/\/api.w.org\/{rel}","templated":true}]}}