{"id":4240,"date":"2015-07-15T00:00:00","date_gmt":"2015-07-14T22:00:00","guid":{"rendered":"https:\/\/blog.caritas.barcelona\/acogida-y-acompanamiento\/entrevista-a-modesto-boti-de-cbre-la-primera-empresa-que-aposto-por-feina-amb-cor\/"},"modified":"2023-08-15T15:48:49","modified_gmt":"2023-08-15T13:48:49","slug":"entrevista-a-modesto-boti-de-cbre-la-primera-empresa-que-aposto-por-feina-amb-cor","status":"publish","type":"post","link":"https:\/\/blog.caritas.barcelona\/es\/entidades-con-corazon\/entrevista-a-modesto-boti-de-cbre-la-primera-empresa-que-aposto-por-feina-amb-cor\/","title":{"rendered":"Entrevista a Modesto Bot\u00ed, de CBRE, la primera empresa que apost\u00f3 por Feina amb Cor"},"content":{"rendered":"<p>Publicamos la entrevista realizada al <strong>Sr. Modesto Bot\u00ed<\/strong>, Gerente del <strong>Centro Comercial El Triangle<\/strong>, la <strong>primera empresa<\/strong> que apost\u00f3 por el proyecto\u00a0<strong>Feina amb Cor<\/strong>. Much\u00edsimas gracias!!<!--more--><\/p>\n<p><strong>H\u00e1blenos de El Centro Comercial El Triangle y del grupo al que pertenecen.<\/strong><\/p>\n<p>El Centro Comercial El Triangle y sus oficinas \u2013 Plaza de Catalu\u00f1a 1 \u2013 es un edificio muy significativo en la ciudad de Barcelona. CBRE es la empresa l\u00edder mundial en consultor\u00eda inmobiliaria. Lleva m\u00e1s de 10 a\u00f1os gestionando este edificio para su actual propietario. Yo trabajo para CBRE dentro del departamento de Retail Asset Services, donde nos dedicamos a la gesti\u00f3n de centros comerciales. Gestionamos 24 centros en toda Espa\u00f1a. En Barcelona, adem\u00e1s de El Triangle, llevamos la gesti\u00f3n de Diagonal Mar y Heron City.<\/p>\n<p>&nbsp;<\/p>\n<p><strong>\u00bfCu\u00e1les son los ejes principales de la pol\u00edtica de Responsabilidad Social Corporativa que llevan a cabo?<\/strong><\/p>\n<p>CBRE es una empresa con presencia en m\u00e1s de 60 pa\u00edses y m\u00e1s de 400 oficinas, con un equipo que supera los 40.000 profesionales. En Espa\u00f1a, a nivel de RSC, trabajamos tres \u00e1reas: sostenibilidad, solidaridad y compilance\/\u00e9tica profesional. En nuestro caso, desde el departamento de Retail proponemos todos los a\u00f1os una acci\u00f3n conjunta de solidaridad para realizar en los centros comerciales.<\/p>\n<p><strong>\u00bfPor qu\u00e9 decidi\u00f3 sumarse al proyecto Feina amb Cor, siendo adem\u00e1s el primero en hacerlo?<\/strong><\/p>\n<p>En 2013, todo el equipo nos pusimos un reto como acci\u00f3n anual conjunta: crear m\u00e1s de 10 puestos de trabajo a lo largo del territorio nacional. Deb\u00edan ser puestos de trabajo reales y que se cubrieran con parados de larga duraci\u00f3n. Para ello pensamos en colaborar con las distintas C\u00e1ritas Diocesanas de cada provincia. El equipo de El Triangle nos sentamos con los promotores de Feina amb Cor y les explicamos lo que quer\u00edamos hacer. Cu\u00e1l fue nuestra sorpresa cuando vimos que las dos cosas encajaban perfectamente. En 2014 nos pusimos manos a la obra.<\/p>\n<p><strong>\u00bfQu\u00e9 ha supuesto para la empresa contratar a un usuario de C\u00e1ritas como trabajador?<\/strong><\/p>\n<p>Hemos querido que el proceso sea totalmente normal, como cualquier otra contrataci\u00f3n: acogida, presentaci\u00f3n al equipo, formaci\u00f3n, seguimiento, valoraci\u00f3n&#8230; Todo el equipo comprendi\u00f3 enseguida que cualquiera podemos vernos en una situaci\u00f3n similar y que cualquier persona merece esa segunda oportunidad que a veces parece no llegar.<\/p>\n<p><strong>\u00bfEn qu\u00e9 medida recomendar\u00eda a otras empresas que se sumaran a la iniciativa?<\/strong><\/p>\n<p>Desde CBRE tenemos muy clara la responsabilidad de nuestra empresa con el entorno social y difundimos entre nuestros equipos que hay que hacer cosas para mejorar este mundo en el que vivimos. Debemos ser buenos profesionales, \u00e9ticos, con la filosof\u00eda de la sostenibilidad siempre en mente. Ayudar a los que est\u00e1n desprotegidos socialmente es una forma de atajar problemas que luego se convertir\u00e1n en muy graves. Creo que las empresas deben establecer est\u00e1ndares de buenas pr\u00e1cticas en temas de contrataci\u00f3n. En CBRE, adem\u00e1s de temas puntuales como Feina amb Cor, trabajamos por la incorporaci\u00f3n laboral de personas disminuidas ps\u00edquicas en nuestras plantillas. Lo recomiendo enormemente, porque m\u00e1s all\u00e1 de los resultados que se nos exigen, aportar nuestro granito de arena en estas causas sociales da una visi\u00f3n muy positiva de que el trabajo que realizamos d\u00eda a d\u00eda transciende m\u00e1s all\u00e1 de simples n\u00fameros o resultados.<\/p>\n<figure id=\"attachment_8926\" aria-describedby=\"caption-attachment-8926\" style=\"width: 286px\" class=\"wp-caption aligncenter\"><a href=\"http:\/\/entitatsambcor.org\/?attachment_id=8926\" rel=\"attachment wp-att-8926\"><img loading=\"lazy\" decoding=\"async\" class=\"size-full wp-image-8926\" src=\"https:\/\/blog.caritas.barcelona\/wp-content\/uploads\/sites\/2\/2015\/07\/modesto.jpg\" alt=\"\" width=\"286\" height=\"286\" \/><\/a><figcaption id=\"caption-attachment-8926\" class=\"wp-caption-text\">Modesto Bot\u00ed<\/figcaption><\/figure>\n<p>&nbsp;<\/p>\n","protected":false},"excerpt":{"rendered":"<p>Publicamos la entrevista realizada al Sr. Modesto Bot\u00ed, Gerente del Centro Comercial El Triangle, la primera empresa que apost\u00f3 por el proyecto\u00a0Feina amb Cor. Much\u00edsimas gracias!!<\/p>\n","protected":false},"author":4,"featured_media":0,"comment_status":"closed","ping_status":"closed","sticky":false,"template":"","format":"standard","meta":{"footnotes":""},"categories":[22],"tags":[2164,859,2165,2166,2167],"autor":[36],"class_list":["post-4240","post","type-post","status-publish","format-standard","hentry","category-entidades-con-corazon","tag-cbre-es","tag-el-triangle","tag-entrevista-es","tag-feina-amb-cor-es","tag-modesto-boti-es","autor-caritas-diocesana-de-barcelona-es"],"aioseo_notices":[],"_links":{"self":[{"href":"https:\/\/blog.caritas.barcelona\/es\/wp-json\/wp\/v2\/posts\/4240","targetHints":{"allow":["GET"]}}],"collection":[{"href":"https:\/\/blog.caritas.barcelona\/es\/wp-json\/wp\/v2\/posts"}],"about":[{"href":"https:\/\/blog.caritas.barcelona\/es\/wp-json\/wp\/v2\/types\/post"}],"author":[{"embeddable":true,"href":"https:\/\/blog.caritas.barcelona\/es\/wp-json\/wp\/v2\/users\/4"}],"replies":[{"embeddable":true,"href":"https:\/\/blog.caritas.barcelona\/es\/wp-json\/wp\/v2\/comments?post=4240"}],"version-history":[{"count":1,"href":"https:\/\/blog.caritas.barcelona\/es\/wp-json\/wp\/v2\/posts\/4240\/revisions"}],"predecessor-version":[{"id":13149,"href":"https:\/\/blog.caritas.barcelona\/es\/wp-json\/wp\/v2\/posts\/4240\/revisions\/13149"}],"wp:attachment":[{"href":"https:\/\/blog.caritas.barcelona\/es\/wp-json\/wp\/v2\/media?parent=4240"}],"wp:term":[{"taxonomy":"category","embeddable":true,"href":"https:\/\/blog.caritas.barcelona\/es\/wp-json\/wp\/v2\/categories?post=4240"},{"taxonomy":"post_tag","embeddable":true,"href":"https:\/\/blog.caritas.barcelona\/es\/wp-json\/wp\/v2\/tags?post=4240"},{"taxonomy":"autor","embeddable":true,"href":"https:\/\/blog.caritas.barcelona\/es\/wp-json\/wp\/v2\/autor?post=4240"}],"curies":[{"name":"wp","href":"https:\/\/api.w.org\/{rel}","templated":true}]}}