{"id":4239,"date":"2015-07-14T00:00:00","date_gmt":"2015-07-13T22:00:00","guid":{"rendered":"https:\/\/blog.caritas.barcelona\/acogida-y-acompanamiento\/arte-y-medicina-una-exposicion-solidaria-con-caritas\/"},"modified":"2023-08-15T14:29:02","modified_gmt":"2023-08-15T12:29:02","slug":"arte-y-medicina-una-exposicion-solidaria-con-caritas","status":"publish","type":"post","link":"https:\/\/blog.caritas.barcelona\/es\/entidades-con-corazon\/arte-y-medicina-una-exposicion-solidaria-con-caritas\/","title":{"rendered":"&#8220;Arte y Medicina&#8221;, una exposici\u00f3n solidaria con C\u00e1ritas"},"content":{"rendered":"<p>Del 18 de junio al 17 de julio, la <strong>Cl\u00ednica Sagrada Familia<\/strong> acoge la exposici\u00f3n &#8220;<strong>Arte y Medicina<\/strong>&#8220;, sobre el pintor <strong>Jordi Roll\u00e1n<\/strong>. Parte de los beneficios ir\u00e1n destinados a <strong>C\u00e1ritas<\/strong>.<!--more--><\/p>\n<p>El pasado 18 de junio, el Consejero de Salud de la Cl\u00ednica Sagrada Familia, el <strong>Sr. Boi Ruiz<\/strong>, inaugur\u00f3 esta exposici\u00f3n, compuesta de un total de <strong>28 obras del pintor Jordi Roll\u00e1n<\/strong>.<\/p>\n<p>&nbsp;<\/p>\n<p>La exposici\u00f3n quiere dar relevancia a una virtud filos\u00f3fica que est\u00e1 presente tanto en el arte como en la medicina: la <strong>belleza<\/strong>. De hecho, el padre de la cirug\u00eda moderna, Ambrosio Par\u00eds, afirm\u00f3 que los m\u00e9dicos poseen el arte de curar.<\/p>\n<p>Una parte de los beneficios de esta exposici\u00f3n ir\u00e1n destinados a <strong>C\u00e1ritas Diocesana de Barcelona<\/strong>.<\/p>\n<p><a href=\"http:\/\/entitatsambcor.org\/?attachment_id=8915\" rel=\"attachment wp-att-8915\"><img loading=\"lazy\" decoding=\"async\" class=\"size-medium wp-image-8915 aligncenter\" src=\"https:\/\/blog.caritas.barcelona\/wp-content\/uploads\/sites\/2\/2015\/07\/jordi-rollan-560x349.jpg\" alt=\"jordi rollan\" width=\"560\" height=\"349\" \/><\/a><\/p>\n<p>Desde nuestra instituci\u00f3n, agradecemos de todo coraz\u00f3n esta colaboraci\u00f3n de la <strong>Cl\u00ednica Sagrada Familia<\/strong> a trav\u00e9s de la exposici\u00f3n sobre el pintor <strong>Jordi Roll\u00e1n<\/strong>.<\/p>\n","protected":false},"excerpt":{"rendered":"<p>Del 18 de junio al 17 de julio, la Cl\u00ednica Sagrada Familia acoge la exposici\u00f3n &#8220;Arte y Medicina&#8220;, sobre el pintor Jordi Roll\u00e1n. Parte de los beneficios ir\u00e1n destinados a C\u00e1ritas.<\/p>\n","protected":false},"author":4,"featured_media":0,"comment_status":"closed","ping_status":"closed","sticky":false,"template":"","format":"standard","meta":{"footnotes":""},"categories":[22],"tags":[855,856,2146,2147,857,858],"autor":[36],"class_list":["post-4239","post","type-post","status-publish","format-standard","hentry","category-entidades-con-corazon","tag-clinica","tag-exposicion","tag-jordi-rollan-es","tag-pintor-es","tag-pintura","tag-sagrada-familia","autor-caritas-diocesana-de-barcelona-es"],"aioseo_notices":[],"_links":{"self":[{"href":"https:\/\/blog.caritas.barcelona\/es\/wp-json\/wp\/v2\/posts\/4239","targetHints":{"allow":["GET"]}}],"collection":[{"href":"https:\/\/blog.caritas.barcelona\/es\/wp-json\/wp\/v2\/posts"}],"about":[{"href":"https:\/\/blog.caritas.barcelona\/es\/wp-json\/wp\/v2\/types\/post"}],"author":[{"embeddable":true,"href":"https:\/\/blog.caritas.barcelona\/es\/wp-json\/wp\/v2\/users\/4"}],"replies":[{"embeddable":true,"href":"https:\/\/blog.caritas.barcelona\/es\/wp-json\/wp\/v2\/comments?post=4239"}],"version-history":[{"count":1,"href":"https:\/\/blog.caritas.barcelona\/es\/wp-json\/wp\/v2\/posts\/4239\/revisions"}],"predecessor-version":[{"id":13120,"href":"https:\/\/blog.caritas.barcelona\/es\/wp-json\/wp\/v2\/posts\/4239\/revisions\/13120"}],"wp:attachment":[{"href":"https:\/\/blog.caritas.barcelona\/es\/wp-json\/wp\/v2\/media?parent=4239"}],"wp:term":[{"taxonomy":"category","embeddable":true,"href":"https:\/\/blog.caritas.barcelona\/es\/wp-json\/wp\/v2\/categories?post=4239"},{"taxonomy":"post_tag","embeddable":true,"href":"https:\/\/blog.caritas.barcelona\/es\/wp-json\/wp\/v2\/tags?post=4239"},{"taxonomy":"autor","embeddable":true,"href":"https:\/\/blog.caritas.barcelona\/es\/wp-json\/wp\/v2\/autor?post=4239"}],"curies":[{"name":"wp","href":"https:\/\/api.w.org\/{rel}","templated":true}]}}