{"id":4220,"date":"2015-05-11T00:00:00","date_gmt":"2015-05-10T22:00:00","guid":{"rendered":"https:\/\/blog.caritas.barcelona\/acogida-y-acompanamiento\/mesa-redonda-de-buenas-practicas-en-rsc-en-la-salle-url\/"},"modified":"2015-05-11T00:00:00","modified_gmt":"2015-05-10T22:00:00","slug":"mesa-redonda-de-buenas-practicas-en-rsc-en-la-salle-url","status":"publish","type":"post","link":"https:\/\/blog.caritas.barcelona\/es\/entidades-con-corazon\/mesa-redonda-de-buenas-practicas-en-rsc-en-la-salle-url\/","title":{"rendered":"Mesa Redonda de Buenas Pr\u00e1cticas en RSC en La Salle-URL"},"content":{"rendered":"<p>El 6 de mayo tuvo lugar, en La Salle-URL, una Mesa Redonda de Buenas Pr\u00e1cticas en RSC (<strong>Responsabilidad Social Corporativa<\/strong>), hecha en ingl\u00e9s, para los alumnos de <strong>\u00faltimo a\u00f1o de Ingenier\u00eda<\/strong> y de <strong>primer a\u00f1o de Comunicaci\u00f3n y \u00c9tica Empresarial de ADE<\/strong>.<\/p>\n<p><!--more--><\/p>\n<p>El Profesor <strong>German Arag\u00f3n<\/strong> abri\u00f3 el acto y la Profesora <strong>Larisa Tatge<\/strong> present\u00f3 a los ponentes. A continuaci\u00f3n, <strong>Paco Torras<\/strong> present\u00f3 C\u00e1ritas Diocesana de Barcelona y Entidades con Coraz\u00f3n. Despu\u00e9s,<strong>\u00a0Jordi Sala<\/strong>, Director de RR HH del Hotel Arts, coment\u00f3 la acci\u00f3n social que desarrollan. Finalmente <strong>Eduard Sans<\/strong>, Patrono de la Fundaci\u00f3n FC Barcelona, explic\u00f3 los valores que inculcan a los ni\u00f1os.<\/p>\n<p>Desde C\u00e1ritas queremos agradecer a <strong>La Salle-URL<\/strong> su colaboraci\u00f3n acogiendo esta mesa redonda.<\/p>\n","protected":false},"excerpt":{"rendered":"<p>El 6 de mayo tuvo lugar, en La Salle-URL, una Mesa Redonda de Buenas Pr\u00e1cticas en RSC (Responsabilidad Social Corporativa), hecha en ingl\u00e9s, para los alumnos de \u00faltimo a\u00f1o de Ingenier\u00eda y de primer a\u00f1o de Comunicaci\u00f3n y \u00c9tica Empresarial de ADE.<\/p>\n","protected":false},"author":4,"featured_media":0,"comment_status":"open","ping_status":"open","sticky":false,"template":"","format":"standard","meta":{"footnotes":""},"categories":[22],"tags":[49,84,85,86],"autor":[36],"class_list":["post-4220","post","type-post","status-publish","format-standard","hentry","category-entidades-con-corazon","tag-caritas","tag-la-salle","tag-rsc","tag-taula-rodona","autor-caritas-diocesana-de-barcelona-es"],"aioseo_notices":[],"_links":{"self":[{"href":"https:\/\/blog.caritas.barcelona\/es\/wp-json\/wp\/v2\/posts\/4220","targetHints":{"allow":["GET"]}}],"collection":[{"href":"https:\/\/blog.caritas.barcelona\/es\/wp-json\/wp\/v2\/posts"}],"about":[{"href":"https:\/\/blog.caritas.barcelona\/es\/wp-json\/wp\/v2\/types\/post"}],"author":[{"embeddable":true,"href":"https:\/\/blog.caritas.barcelona\/es\/wp-json\/wp\/v2\/users\/4"}],"replies":[{"embeddable":true,"href":"https:\/\/blog.caritas.barcelona\/es\/wp-json\/wp\/v2\/comments?post=4220"}],"version-history":[{"count":0,"href":"https:\/\/blog.caritas.barcelona\/es\/wp-json\/wp\/v2\/posts\/4220\/revisions"}],"wp:attachment":[{"href":"https:\/\/blog.caritas.barcelona\/es\/wp-json\/wp\/v2\/media?parent=4220"}],"wp:term":[{"taxonomy":"category","embeddable":true,"href":"https:\/\/blog.caritas.barcelona\/es\/wp-json\/wp\/v2\/categories?post=4220"},{"taxonomy":"post_tag","embeddable":true,"href":"https:\/\/blog.caritas.barcelona\/es\/wp-json\/wp\/v2\/tags?post=4220"},{"taxonomy":"autor","embeddable":true,"href":"https:\/\/blog.caritas.barcelona\/es\/wp-json\/wp\/v2\/autor?post=4220"}],"curies":[{"name":"wp","href":"https:\/\/api.w.org\/{rel}","templated":true}]}}