{"id":4219,"date":"2015-05-10T00:00:00","date_gmt":"2015-05-09T22:00:00","guid":{"rendered":"https:\/\/blog.caritas.barcelona\/acogida-y-acompanamiento\/charla-en-blanquerna-sobre-la-pobreza-en-barcelona\/"},"modified":"2015-05-10T00:00:00","modified_gmt":"2015-05-09T22:00:00","slug":"charla-en-blanquerna-sobre-la-pobreza-en-barcelona","status":"publish","type":"post","link":"https:\/\/blog.caritas.barcelona\/es\/entidades-con-corazon\/charla-en-blanquerna-sobre-la-pobreza-en-barcelona\/","title":{"rendered":"Charla en Blanquerna sobre la pobreza en Barcelona"},"content":{"rendered":"<p>El lunes 4 de mayo tuvo lugar la charla &#8220;<strong>La pobreza en Barcelona: La acci\u00f3n social de C\u00e1ritas<\/strong>&#8220;, dirigida por <strong>Eduard Sala<\/strong> en la Facultad de Psicolog\u00eda de la<strong> Blanquerna-URL<\/strong>.<\/p>\n<p><!--more--><\/p>\n<p style=\"text-align: center;\"><a href=\"http:\/\/entitatsambcor.org\/?attachment_id=8692\" rel=\"attachment wp-att-8692\"><img loading=\"lazy\" decoding=\"async\" class=\" wp-image-8692 aligncenter\" alt=\"blanquerna psico\" src=\"https:\/\/blog.caritas.barcelona\/wp-content\/uploads\/sites\/2\/2015\/06\/blanquerna-psico-560x258.jpg\" width=\"336\" height=\"155\" \/><\/a><\/p>\n<p>La charla cont\u00f3 con la presencia de unos<strong> 70 alumnos<\/strong>, del <strong>Director Andreu Ibars<\/strong>, los voluntarios de C\u00e1ritas <strong>F. Porta, R. Bretcha y A. Izquierdo<\/strong>, y la presidencia de <strong>Tom\u00e1s Andres<\/strong>, responsable de la acci\u00f3n solidaria <strong>FPCEE<\/strong> Blanquerna .<\/p>\n<p>La exposici\u00f3n de Eduard Sala, de unas dos horas, fue muy instructiva, pedag\u00f3gica y sensibilizadora. Interactu\u00f3 continuamente con los alumnos, que pensaron y trabajaron intensament y que aplaudieron efusivamente al terminar la sesi\u00f3n.<\/p>\n<p>Desde C\u00e1ritas agradecemos en <strong>Blanquerna-URL<\/strong> la acogida de esta charla. \u00a1Muchas gracias!<\/p>\n","protected":false},"excerpt":{"rendered":"<p>El lunes 4 de mayo tuvo lugar la charla &#8220;La pobreza en Barcelona: La acci\u00f3n social de C\u00e1ritas&#8220;, dirigida por Eduard Sala en la Facultad de Psicolog\u00eda de la Blanquerna-URL.<\/p>\n","protected":false},"author":4,"featured_media":0,"comment_status":"open","ping_status":"open","sticky":false,"template":"","format":"standard","meta":{"footnotes":""},"categories":[22],"tags":[],"autor":[36],"class_list":["post-4219","post","type-post","status-publish","format-standard","hentry","category-entidades-con-corazon","autor-caritas-diocesana-de-barcelona-es"],"aioseo_notices":[],"_links":{"self":[{"href":"https:\/\/blog.caritas.barcelona\/es\/wp-json\/wp\/v2\/posts\/4219","targetHints":{"allow":["GET"]}}],"collection":[{"href":"https:\/\/blog.caritas.barcelona\/es\/wp-json\/wp\/v2\/posts"}],"about":[{"href":"https:\/\/blog.caritas.barcelona\/es\/wp-json\/wp\/v2\/types\/post"}],"author":[{"embeddable":true,"href":"https:\/\/blog.caritas.barcelona\/es\/wp-json\/wp\/v2\/users\/4"}],"replies":[{"embeddable":true,"href":"https:\/\/blog.caritas.barcelona\/es\/wp-json\/wp\/v2\/comments?post=4219"}],"version-history":[{"count":0,"href":"https:\/\/blog.caritas.barcelona\/es\/wp-json\/wp\/v2\/posts\/4219\/revisions"}],"wp:attachment":[{"href":"https:\/\/blog.caritas.barcelona\/es\/wp-json\/wp\/v2\/media?parent=4219"}],"wp:term":[{"taxonomy":"category","embeddable":true,"href":"https:\/\/blog.caritas.barcelona\/es\/wp-json\/wp\/v2\/categories?post=4219"},{"taxonomy":"post_tag","embeddable":true,"href":"https:\/\/blog.caritas.barcelona\/es\/wp-json\/wp\/v2\/tags?post=4219"},{"taxonomy":"autor","embeddable":true,"href":"https:\/\/blog.caritas.barcelona\/es\/wp-json\/wp\/v2\/autor?post=4219"}],"curies":[{"name":"wp","href":"https:\/\/api.w.org\/{rel}","templated":true}]}}