{"id":4217,"date":"2015-05-02T00:00:00","date_gmt":"2015-05-01T22:00:00","guid":{"rendered":"https:\/\/blog.caritas.barcelona\/acogida-y-acompanamiento\/la-uao-celebra-la-iii-edicion-del-bcn-thinking-challenge\/"},"modified":"2015-05-02T00:00:00","modified_gmt":"2015-05-01T22:00:00","slug":"la-uao-celebra-la-iii-edicion-del-bcn-thinking-challenge","status":"publish","type":"post","link":"https:\/\/blog.caritas.barcelona\/es\/entidades-con-corazon\/la-uao-celebra-la-iii-edicion-del-bcn-thinking-challenge\/","title":{"rendered":"La UAO celebra la III edici\u00f3n del BCN Thinking Challenge"},"content":{"rendered":"<p>Esta tercera edici\u00f3n tuvo lugar los d\u00edas 28 y 29 de abril. Presidi\u00f3 el Rector, el <strong>Dr. Carlos P\u00e9rez del Valle<\/strong>, quien felicit\u00f3 al Club de Emprendedores por la constancia en la celebraci\u00f3n de este acto.<\/p>\n<p><!--more--><\/p>\n<p>A continuaci\u00f3n, <strong>Fernando Porta<\/strong> habl\u00f3 sobre Entidades con Coraz\u00f3n y Universidades con Coraz\u00f3n y sobre la pobreza y su repercusi\u00f3n en el fracaso escolar.<\/p>\n<p align=\"center\"><a href=\"http:\/\/entitatsambcor.org\/?attachment_id=8713\" rel=\"attachment wp-att-8713\"><img loading=\"lazy\" decoding=\"async\" class=\"alignnone size-medium wp-image-8713\" alt=\"10733825_10152861738897799_629355449914892429_o\" src=\"https:\/\/blog.caritas.barcelona\/wp-content\/uploads\/sites\/2\/2015\/05\/10733825_10152861738897799_629355449914892429_o1-560x396.jpg\" width=\"560\" height=\"396\" \/><\/a><\/p>\n<p>La presidenta del Club de Emprendedores, la <strong>Sra. Maria Andreu<\/strong>, detall\u00f3 el programa del &#8220;Hackathon Day&#8221;. El &#8220;Business Case&#8221; de este a\u00f1o fue &#8220;<strong>El Fracaso Escolar<\/strong>&#8221; y se ped\u00eda encontrar una soluci\u00f3n para disminuirlo.<\/p>\n<p><strong>Salvador Busquets<\/strong> entreg\u00f3 el premio al mejor emprendedor y se dirigi\u00f3 a todos los participantes para animarles a ayudar a todos aquellos que se encuentran en precarias situaciones sociales.<\/p>\n<p>Finalmente, el <strong>Rector <\/strong>cerr\u00f3 la III edici\u00f3n del BCN Thinking Challenge.<\/p>\n<p>Agradecemos al <strong>Club de Emprendedores<\/strong> y en la <strong>Universidad Abat Oliba<\/strong> su constancia en la celebraci\u00f3n del BCN Thinking Challenge. \u00a1Muchas gracias!<\/p>\n","protected":false},"excerpt":{"rendered":"<p>Esta tercera edici\u00f3n tuvo lugar los d\u00edas 28 y 29 de abril. Presidi\u00f3 el Rector, el Dr. Carlos P\u00e9rez del Valle, quien felicit\u00f3 al Club de Emprendedores por la constancia en la celebraci\u00f3n de este acto.<\/p>\n","protected":false},"author":4,"featured_media":0,"comment_status":"open","ping_status":"open","sticky":false,"template":"","format":"standard","meta":{"footnotes":""},"categories":[22],"tags":[72,825,74,826],"autor":[36],"class_list":["post-4217","post","type-post","status-publish","format-standard","hentry","category-entidades-con-corazon","tag-bcn-thinking-challenge","tag-club-emprendedores","tag-uao","tag-universidad-abat-oliba","autor-caritas-diocesana-de-barcelona-es"],"aioseo_notices":[],"_links":{"self":[{"href":"https:\/\/blog.caritas.barcelona\/es\/wp-json\/wp\/v2\/posts\/4217","targetHints":{"allow":["GET"]}}],"collection":[{"href":"https:\/\/blog.caritas.barcelona\/es\/wp-json\/wp\/v2\/posts"}],"about":[{"href":"https:\/\/blog.caritas.barcelona\/es\/wp-json\/wp\/v2\/types\/post"}],"author":[{"embeddable":true,"href":"https:\/\/blog.caritas.barcelona\/es\/wp-json\/wp\/v2\/users\/4"}],"replies":[{"embeddable":true,"href":"https:\/\/blog.caritas.barcelona\/es\/wp-json\/wp\/v2\/comments?post=4217"}],"version-history":[{"count":0,"href":"https:\/\/blog.caritas.barcelona\/es\/wp-json\/wp\/v2\/posts\/4217\/revisions"}],"wp:attachment":[{"href":"https:\/\/blog.caritas.barcelona\/es\/wp-json\/wp\/v2\/media?parent=4217"}],"wp:term":[{"taxonomy":"category","embeddable":true,"href":"https:\/\/blog.caritas.barcelona\/es\/wp-json\/wp\/v2\/categories?post=4217"},{"taxonomy":"post_tag","embeddable":true,"href":"https:\/\/blog.caritas.barcelona\/es\/wp-json\/wp\/v2\/tags?post=4217"},{"taxonomy":"autor","embeddable":true,"href":"https:\/\/blog.caritas.barcelona\/es\/wp-json\/wp\/v2\/autor?post=4217"}],"curies":[{"name":"wp","href":"https:\/\/api.w.org\/{rel}","templated":true}]}}