{"id":4214,"date":"2015-05-26T00:00:00","date_gmt":"2015-05-25T22:00:00","guid":{"rendered":"https:\/\/blog.caritas.barcelona\/acogida-y-acompanamiento\/i-caminata-solidaria-caritas-clubes-con-corazon\/"},"modified":"2023-08-15T11:29:45","modified_gmt":"2023-08-15T09:29:45","slug":"i-caminata-solidaria-caritas-clubes-con-corazon","status":"publish","type":"post","link":"https:\/\/blog.caritas.barcelona\/es\/entidades-con-corazon\/i-caminata-solidaria-caritas-clubes-con-corazon\/","title":{"rendered":"I Caminata Solidaria &#8220;C\u00e1ritas: Clubes con Coraz\u00f3n&#8221;"},"content":{"rendered":"<p>El s\u00e1bado 24 de mayo tuvo lugar la I Caminata Solidaria &#8220;C\u00e1ritas: Clubes con Coraz\u00f3n&#8221;. La actividad consisti\u00f3 en una excursi\u00f3n suave de <strong>5,2 kil\u00f3metros<\/strong> por el coraz\u00f3n de la <strong>Sierra del Collserola<\/strong>. Participaron <strong>m\u00e1s de 800 personas<\/strong>.<\/p>\n<p><!--more--><\/p>\n<p>La caminata fue todo un \u00e9xito:<\/p>\n<p>&nbsp;<\/p>\n<p>&nbsp;<\/p>\n<p style=\"text-align: center;\">\n<p style=\"text-align: center;\">\n<p style=\"text-align: center;\"><a href=\"http:\/\/entitatsambcor.org\/?attachment_id=8632\" rel=\"attachment wp-att-8632\"><img loading=\"lazy\" decoding=\"async\" class=\"alignnone size-medium wp-image-8632\" src=\"https:\/\/blog.caritas.barcelona\/wp-content\/uploads\/sites\/2\/2015\/05\/IMG-20150528-WA00031-560x420.jpg\" alt=\"IMG-20150528-WA0003\" width=\"560\" height=\"420\" \/><\/a><\/p>\n<p style=\"text-align: center;\">\n<p style=\"text-align: center;\">\n<p>La <strong>Diputaci\u00f3n de Barcelona<\/strong>, el <strong>Club Excursionista de Gr\u00e0cia<\/strong>\u00a0y la <strong>Federaci\u00f3 d\u2019Entitats Excursionistes de Catalunya<\/strong> (FEEC) organizaron esta caminata con el objetivo de recaudar fondos a favor del programa <strong>Paid\u00f3s<\/strong> de C\u00e1ritas.<\/p>\n<p>Desde C\u00e1ritas queremos agradecer la participaci\u00f3n de todos los <strong>caminantes<\/strong> y a las <strong>entidades organizadoras<\/strong> por su iniciativa solidaria. Much\u00edsimas gracias a todos!!!<\/p>\n","protected":false},"excerpt":{"rendered":"<p>El s\u00e1bado 24 de mayo tuvo lugar la I Caminata Solidaria &#8220;C\u00e1ritas: Clubes con Coraz\u00f3n&#8221;. La actividad consisti\u00f3 en una excursi\u00f3n suave de 5,2 kil\u00f3metros por el coraz\u00f3n de la Sierra del Collserola. Participaron m\u00e1s de 800 personas.<\/p>\n","protected":false},"author":4,"featured_media":0,"comment_status":"closed","ping_status":"closed","sticky":false,"template":"","format":"standard","meta":{"footnotes":""},"categories":[22],"tags":[1903,821,1224,813,2106],"autor":[36],"class_list":["post-4214","post","type-post","status-publish","format-standard","hentry","category-entidades-con-corazon","tag-barcelona-es","tag-caminata-solidaria","tag-caritas-es","tag-clubes-con-corazon","tag-collserola-es","autor-caritas-diocesana-de-barcelona-es"],"aioseo_notices":[],"_links":{"self":[{"href":"https:\/\/blog.caritas.barcelona\/es\/wp-json\/wp\/v2\/posts\/4214","targetHints":{"allow":["GET"]}}],"collection":[{"href":"https:\/\/blog.caritas.barcelona\/es\/wp-json\/wp\/v2\/posts"}],"about":[{"href":"https:\/\/blog.caritas.barcelona\/es\/wp-json\/wp\/v2\/types\/post"}],"author":[{"embeddable":true,"href":"https:\/\/blog.caritas.barcelona\/es\/wp-json\/wp\/v2\/users\/4"}],"replies":[{"embeddable":true,"href":"https:\/\/blog.caritas.barcelona\/es\/wp-json\/wp\/v2\/comments?post=4214"}],"version-history":[{"count":1,"href":"https:\/\/blog.caritas.barcelona\/es\/wp-json\/wp\/v2\/posts\/4214\/revisions"}],"predecessor-version":[{"id":13049,"href":"https:\/\/blog.caritas.barcelona\/es\/wp-json\/wp\/v2\/posts\/4214\/revisions\/13049"}],"wp:attachment":[{"href":"https:\/\/blog.caritas.barcelona\/es\/wp-json\/wp\/v2\/media?parent=4214"}],"wp:term":[{"taxonomy":"category","embeddable":true,"href":"https:\/\/blog.caritas.barcelona\/es\/wp-json\/wp\/v2\/categories?post=4214"},{"taxonomy":"post_tag","embeddable":true,"href":"https:\/\/blog.caritas.barcelona\/es\/wp-json\/wp\/v2\/tags?post=4214"},{"taxonomy":"autor","embeddable":true,"href":"https:\/\/blog.caritas.barcelona\/es\/wp-json\/wp\/v2\/autor?post=4214"}],"curies":[{"name":"wp","href":"https:\/\/api.w.org\/{rel}","templated":true}]}}