{"id":4211,"date":"2015-04-15T00:00:00","date_gmt":"2015-04-14T22:00:00","guid":{"rendered":"https:\/\/blog.caritas.barcelona\/acogida-y-acompanamiento\/el-torneo-solidario-por-la-pobreza-infantil-en-vall-parc-fue-todo-un-exito\/"},"modified":"2015-04-15T00:00:00","modified_gmt":"2015-04-14T22:00:00","slug":"el-torneo-solidario-por-la-pobreza-infantil-en-vall-parc-fue-todo-un-exito","status":"publish","type":"post","link":"https:\/\/blog.caritas.barcelona\/es\/entidades-con-corazon\/el-torneo-solidario-por-la-pobreza-infantil-en-vall-parc-fue-todo-un-exito\/","title":{"rendered":"El Torneo Solidario por la Pobreza Infantil en Vall Parc fue todo un \u00e9xito"},"content":{"rendered":"<p>El pasado 29 de marzo se celebr\u00f3 el <strong>Torneo Solidario para la Pobreza Infantil<\/strong>. Fue posible gracias a la organizaci\u00f3n de <strong>Vall Parc<\/strong>, junto con<strong> Llu\u00eds Corretja<\/strong> y los voluntarios de <strong>\u2018Clubs amb Cor\u2019<\/strong>.<\/p>\n<p><!--more--><\/p>\n<p><a href=\"http:\/\/entitatsambcor.org\/?attachment_id=8508\" rel=\"attachment wp-att-8508\"><img loading=\"lazy\" decoding=\"async\" class=\" wp-image-8508 alignright\" alt=\"portada\" src=\"https:\/\/blog.caritas.barcelona\/wp-content\/uploads\/sites\/2\/2015\/04\/portada1.jpg\" width=\"168\" height=\"168\" \/><\/a>Desde <strong>C\u00e1ritas<\/strong> queremos agradecer la generosidad y el compromiso social de todas las personas que participaron, ya que su colaboraci\u00f3n desinteresada permiti\u00f3 una gran recaudaci\u00f3n que ser\u00e1 destinada a varios proyectos llevados a cabo por <strong>C\u00e1ritas<\/strong> para hacer frente a la pobreza infantil.<\/p>\n<p>Tambi\u00e9n queremos dar las gracias a <strong>Granier<\/strong> por colaborar con sus pastas y a<strong> Llu\u00eds Vial<\/strong> por transportarlas hasta Vall Parc, a<strong> D.O. Catalunya<\/strong> por cedernos los vinos, a los magos <strong>\u00d3scar<\/strong> y <strong>David<\/strong> de <em><strong>The Homeless Project<\/strong><\/em>, a la banda <em><strong>The Band<\/strong><\/em>, a <strong>Coca-Cola<\/strong>, a Free Damm 0,0% de <strong>Estrella Damm<\/strong>, a <strong>Josep Civit<\/strong>, a todos los <strong>voluntarios de \u2018Escoles amb Cor\u2019<\/strong> y<strong> \u2018Clubs amb Cor\u2019<\/strong>, al voluntario <strong>Paco de Santiago<\/strong> y a los donante an\u00f3nimos.<\/p>\n<p><a href=\"http:\/\/entitatsambcor.org\/?attachment_id=8515\" rel=\"attachment wp-att-8515\"><img loading=\"lazy\" decoding=\"async\" class=\"wp-image-8515 aligncenter\" alt=\"IMG_1043\" src=\"https:\/\/blog.caritas.barcelona\/wp-content\/uploads\/sites\/2\/2015\/04\/IMG_10431.jpg\" width=\"538\" height=\"304\" \/><\/a><\/p>\n<p>Gracias a la inscripci\u00f3n que los participantes hicieron previamente, tuvieron la oportunidad de jugar al tenis, a p\u00e0del, a <em>ping-pong<\/em>\u00a0y de practicar <i>fitness<\/i> con las personalidades reconocidas que asistieron al acto, como <strong>Carles Rexach<\/strong>, <strong>Bert\u00edn Osborne<\/strong>, <strong>Gerard L\u00f3pez<\/strong>,<strong> Gemma Mengual<\/strong> y <strong>Martina Klein<\/strong>, entre otros. Tambi\u00e9n colaboraron los embajadores de <strong>\u2018Clubs amb Cor\u2019<\/strong> de <strong>C\u00e1ritas<\/strong>, <strong>\u00c0lex Corretja<\/strong>, <strong>Jordi Arrese<\/strong> y<strong> Enric Masip<\/strong>.<\/p>\n<p style=\"text-align: center;\"><a href=\"http:\/\/entitatsambcor.org\/?attachment_id=8517\" rel=\"attachment wp-att-8517\"><img loading=\"lazy\" decoding=\"async\" class=\"wp-image-8517 aligncenter\" alt=\"IMG_1030\" src=\"https:\/\/blog.caritas.barcelona\/wp-content\/uploads\/sites\/2\/2015\/04\/IMG_10302.jpg\" width=\"498\" height=\"284\" \/><\/a><\/p>\n<p>Durante el acto, los ni\u00f1os y ni\u00f1as pudieron disfrutar de hinchables y de la presencia de magos. La m\u00fasica en directo se escuch\u00f3 durante toda la jornada gracias a la colaboraci\u00f3n de <strong><em>The Band<\/em><\/strong>. Adem\u00e1s, se hizo una t\u00f3mbola en la que se sorteaban materiales deportivos, entre estos, camisetas y pelotas firmadas.<\/p>\n<p style=\"text-align: center;\"><a href=\"http:\/\/entitatsambcor.org\/?attachment_id=8519\" rel=\"attachment wp-att-8519\"><img loading=\"lazy\" decoding=\"async\" class=\" wp-image-8519 aligncenter\" alt=\"IMG_1045\" src=\"https:\/\/blog.caritas.barcelona\/wp-content\/uploads\/sites\/2\/2015\/04\/IMG_10451.jpg\" width=\"522\" height=\"295\" \/><\/a><\/p>\n","protected":false},"excerpt":{"rendered":"<p>El pasado 29 de marzo se celebr\u00f3 el Torneo Solidario para la Pobreza Infantil. Fue posible gracias a la organizaci\u00f3n de Vall Parc, junto con Llu\u00eds Corretja y los voluntarios de \u2018Clubs amb Cor\u2019.<\/p>\n","protected":false},"author":4,"featured_media":0,"comment_status":"open","ping_status":"open","sticky":false,"template":"","format":"standard","meta":{"footnotes":""},"categories":[22],"tags":[],"autor":[36],"class_list":["post-4211","post","type-post","status-publish","format-standard","hentry","category-entidades-con-corazon","autor-caritas-diocesana-de-barcelona-es"],"aioseo_notices":[],"_links":{"self":[{"href":"https:\/\/blog.caritas.barcelona\/es\/wp-json\/wp\/v2\/posts\/4211","targetHints":{"allow":["GET"]}}],"collection":[{"href":"https:\/\/blog.caritas.barcelona\/es\/wp-json\/wp\/v2\/posts"}],"about":[{"href":"https:\/\/blog.caritas.barcelona\/es\/wp-json\/wp\/v2\/types\/post"}],"author":[{"embeddable":true,"href":"https:\/\/blog.caritas.barcelona\/es\/wp-json\/wp\/v2\/users\/4"}],"replies":[{"embeddable":true,"href":"https:\/\/blog.caritas.barcelona\/es\/wp-json\/wp\/v2\/comments?post=4211"}],"version-history":[{"count":0,"href":"https:\/\/blog.caritas.barcelona\/es\/wp-json\/wp\/v2\/posts\/4211\/revisions"}],"wp:attachment":[{"href":"https:\/\/blog.caritas.barcelona\/es\/wp-json\/wp\/v2\/media?parent=4211"}],"wp:term":[{"taxonomy":"category","embeddable":true,"href":"https:\/\/blog.caritas.barcelona\/es\/wp-json\/wp\/v2\/categories?post=4211"},{"taxonomy":"post_tag","embeddable":true,"href":"https:\/\/blog.caritas.barcelona\/es\/wp-json\/wp\/v2\/tags?post=4211"},{"taxonomy":"autor","embeddable":true,"href":"https:\/\/blog.caritas.barcelona\/es\/wp-json\/wp\/v2\/autor?post=4211"}],"curies":[{"name":"wp","href":"https:\/\/api.w.org\/{rel}","templated":true}]}}