{"id":4210,"date":"2015-03-13T00:00:00","date_gmt":"2015-03-12T23:00:00","guid":{"rendered":"https:\/\/blog.caritas.barcelona\/acogida-y-acompanamiento\/la-url-y-caritas-abordan-el-problema-de-la-fractura-social-2\/"},"modified":"2015-03-13T00:00:00","modified_gmt":"2015-03-12T23:00:00","slug":"la-url-y-caritas-abordan-el-problema-de-la-fractura-social-2","status":"publish","type":"post","link":"https:\/\/blog.caritas.barcelona\/es\/entidades-con-corazon\/la-url-y-caritas-abordan-el-problema-de-la-fractura-social-2\/","title":{"rendered":"La URL y C\u00e1ritas abordan el problema de la fractura social"},"content":{"rendered":"<p style=\"text-align: justify;\">Expertos de <strong>C\u00e1ritas<\/strong> y la <strong>URL<\/strong> han explicado que la fractura social es una realidad transversal no resuelta aunque haya signos de recuperaci\u00f3n econ\u00f3mica. Por eso, hace falta un cambio estructural del modelo econ\u00f3mico y social. Se ha hecho esta advertencia en el marco de la <strong>Jornada sobre la Fractura Social.<!--more--><\/strong><\/p>\n<p style=\"text-align: justify;\"><a href=\"https:\/\/blog.caritas.barcelona\/wp-content\/uploads\/sites\/2\/2015\/03\/IMG_08452.jpg\"><img loading=\"lazy\" decoding=\"async\" class=\" wp-image-8456 alignleft\" alt=\"IMG_0845\" src=\"https:\/\/blog.caritas.barcelona\/wp-content\/uploads\/sites\/2\/2015\/03\/IMG_08452.jpg\" width=\"380\" height=\"285\" \/><\/a>\u00bfHemos salido de la crisis? <strong>Francisco Lorenzo, coordinador del Equipo de Estudios de<\/strong> <strong>C\u00e1ritas Espa\u00f1ola y la Fundaci\u00f3n FOESSA<\/strong> ha afirmado que \u201ccuando la gente me pregunta les digo que no hay una respuesta monosil\u00e1bica, ya que la realidad es muy compleja<b>\u201d. <\/b><strong>Dos de cada tres personas que est\u00e1n en situaci\u00f3n de pobreza ya lo estaban antes de la crisis.<\/strong> Seg\u00fan <b>Lorenzo<\/b>, aquello que se destruye en \u00e9poca de crisis no se recupera, y es por eso, es necesario que el crecimiento econ\u00f3mico revierta en los grupos de exclusi\u00f3n<strong>. Merc\u00e8 Darnell, responsable del \u00e1rea de Programas y Servicios de C\u00e1ritas Diocesana de Barcelona<\/strong> ha intervenido en la mesa redonda donde han participado expertos de la URL, y ha denunciado que por culpa de la crisis las personas m\u00e1s vulnerables reciben ayudas fragmentadas que no contribuyen a que puedan recuperar su autonom\u00eda. Se ha puesto fin al encuentro con un coloquio entre los asistentes y los invitados que ha permitido que, mediante el di\u00e1logo, surjan ideas para hacer frente a este reto de cara al futuro.<\/p>\n","protected":false},"excerpt":{"rendered":"<p>Expertos de C\u00e1ritas y la URL han explicado que la fractura social es una realidad transversal no resuelta aunque haya signos de recuperaci\u00f3n econ\u00f3mica. Por eso, hace falta un cambio estructural del modelo econ\u00f3mico y social. Se ha hecho esta advertencia en el marco de la Jornada sobre la Fractura Social.<\/p>\n","protected":false},"author":4,"featured_media":0,"comment_status":"open","ping_status":"open","sticky":false,"template":"","format":"standard","meta":{"footnotes":""},"categories":[22],"tags":[49,57,819],"autor":[36],"class_list":["post-4210","post","type-post","status-publish","format-standard","hentry","category-entidades-con-corazon","tag-caritas","tag-fractura-social","tag-universidades-con-corazon","autor-caritas-diocesana-de-barcelona-es"],"aioseo_notices":[],"_links":{"self":[{"href":"https:\/\/blog.caritas.barcelona\/es\/wp-json\/wp\/v2\/posts\/4210","targetHints":{"allow":["GET"]}}],"collection":[{"href":"https:\/\/blog.caritas.barcelona\/es\/wp-json\/wp\/v2\/posts"}],"about":[{"href":"https:\/\/blog.caritas.barcelona\/es\/wp-json\/wp\/v2\/types\/post"}],"author":[{"embeddable":true,"href":"https:\/\/blog.caritas.barcelona\/es\/wp-json\/wp\/v2\/users\/4"}],"replies":[{"embeddable":true,"href":"https:\/\/blog.caritas.barcelona\/es\/wp-json\/wp\/v2\/comments?post=4210"}],"version-history":[{"count":0,"href":"https:\/\/blog.caritas.barcelona\/es\/wp-json\/wp\/v2\/posts\/4210\/revisions"}],"wp:attachment":[{"href":"https:\/\/blog.caritas.barcelona\/es\/wp-json\/wp\/v2\/media?parent=4210"}],"wp:term":[{"taxonomy":"category","embeddable":true,"href":"https:\/\/blog.caritas.barcelona\/es\/wp-json\/wp\/v2\/categories?post=4210"},{"taxonomy":"post_tag","embeddable":true,"href":"https:\/\/blog.caritas.barcelona\/es\/wp-json\/wp\/v2\/tags?post=4210"},{"taxonomy":"autor","embeddable":true,"href":"https:\/\/blog.caritas.barcelona\/es\/wp-json\/wp\/v2\/autor?post=4210"}],"curies":[{"name":"wp","href":"https:\/\/api.w.org\/{rel}","templated":true}]}}