{"id":4209,"date":"2015-03-12T00:00:00","date_gmt":"2015-03-11T23:00:00","guid":{"rendered":"https:\/\/blog.caritas.barcelona\/acogida-y-acompanamiento\/la-diputacion-de-barcelona-mantiene-su-compromiso-con-caritas\/"},"modified":"2015-03-12T00:00:00","modified_gmt":"2015-03-11T23:00:00","slug":"la-diputacion-de-barcelona-mantiene-su-compromiso-con-caritas","status":"publish","type":"post","link":"https:\/\/blog.caritas.barcelona\/es\/entidades-con-corazon\/la-diputacion-de-barcelona-mantiene-su-compromiso-con-caritas\/","title":{"rendered":"La Diputaci\u00f3n de Barcelona mantiene su compromiso con C\u00e1ritas"},"content":{"rendered":"<p>Hoy el diputado de Deportes de la<strong> Diputaci\u00f3n de Barcelona<\/strong>, Josep Salom y el director de <strong>C\u00e1ritas<\/strong> Diocesana de Barcelona, Salvador Busquets han firmado de <strong>nuevo un convenio de colaboraci\u00f3n<\/strong> con el objetivo de <strong>difundir<\/strong>, a trav\u00e9s de la entidad<strong> Clubes con Coraz\u00f3n<\/strong>, <strong>acciones deportivas solidarias.<\/strong><!--more--><\/p>\n<p>La<strong> finalidad<\/strong> de este convenio es establecer la <strong>colaboraci\u00f3n de la Diputaci\u00f3n de Barcelona<\/strong>, a trav\u00e9s de los entes locales de su \u00e1mbito territorial, para la <strong>difusi\u00f3n de acciones solidarias<\/strong> organizadas por <strong>clubes y entidades<\/strong> con <strong>C\u00e1ritas<\/strong> Diocesana de Barcelona, destinadas a<strong> mejorar<\/strong> las condiciones de<strong> vida<\/strong> de las <strong>personas<\/strong> m\u00e1s necesitadas de la di\u00f3cesis de Barcelona.<\/p>\n<p>Queremos <strong>agradecer<\/strong> el <strong>compromiso y la colaboraci\u00f3n<\/strong> de la<strong> Diputaci\u00f3n de Barcelona<\/strong> con C\u00e1ritas y nuestra tarea.<\/p>\n","protected":false},"excerpt":{"rendered":"<p>Hoy el diputado de Deportes de la Diputaci\u00f3n de Barcelona, Josep Salom y el director de C\u00e1ritas Diocesana de Barcelona, Salvador Busquets han firmado de nuevo un convenio de colaboraci\u00f3n con el objetivo de difundir, a trav\u00e9s de la entidad Clubes con Coraz\u00f3n, acciones deportivas solidarias.<\/p>\n","protected":false},"author":4,"featured_media":0,"comment_status":"open","ping_status":"open","sticky":false,"template":"","format":"standard","meta":{"footnotes":""},"categories":[22],"tags":[],"autor":[36],"class_list":["post-4209","post","type-post","status-publish","format-standard","hentry","category-entidades-con-corazon","autor-caritas-diocesana-de-barcelona-es"],"aioseo_notices":[],"_links":{"self":[{"href":"https:\/\/blog.caritas.barcelona\/es\/wp-json\/wp\/v2\/posts\/4209","targetHints":{"allow":["GET"]}}],"collection":[{"href":"https:\/\/blog.caritas.barcelona\/es\/wp-json\/wp\/v2\/posts"}],"about":[{"href":"https:\/\/blog.caritas.barcelona\/es\/wp-json\/wp\/v2\/types\/post"}],"author":[{"embeddable":true,"href":"https:\/\/blog.caritas.barcelona\/es\/wp-json\/wp\/v2\/users\/4"}],"replies":[{"embeddable":true,"href":"https:\/\/blog.caritas.barcelona\/es\/wp-json\/wp\/v2\/comments?post=4209"}],"version-history":[{"count":0,"href":"https:\/\/blog.caritas.barcelona\/es\/wp-json\/wp\/v2\/posts\/4209\/revisions"}],"wp:attachment":[{"href":"https:\/\/blog.caritas.barcelona\/es\/wp-json\/wp\/v2\/media?parent=4209"}],"wp:term":[{"taxonomy":"category","embeddable":true,"href":"https:\/\/blog.caritas.barcelona\/es\/wp-json\/wp\/v2\/categories?post=4209"},{"taxonomy":"post_tag","embeddable":true,"href":"https:\/\/blog.caritas.barcelona\/es\/wp-json\/wp\/v2\/tags?post=4209"},{"taxonomy":"autor","embeddable":true,"href":"https:\/\/blog.caritas.barcelona\/es\/wp-json\/wp\/v2\/autor?post=4209"}],"curies":[{"name":"wp","href":"https:\/\/api.w.org\/{rel}","templated":true}]}}