{"id":4208,"date":"2015-03-09T00:00:00","date_gmt":"2015-03-08T23:00:00","guid":{"rendered":"https:\/\/blog.caritas.barcelona\/acogida-y-acompanamiento\/del-3-al-24-de-marzo-exposicion-de-los-carteles-de-caritas-diocesana-de-barcelona-en-el-corte-ingles-de-la-avinguda-del-portal-de-langel\/"},"modified":"2015-03-09T00:00:00","modified_gmt":"2015-03-08T23:00:00","slug":"del-3-al-24-de-marzo-exposicion-de-los-carteles-de-caritas-diocesana-de-barcelona-en-el-corte-ingles-de-la-avinguda-del-portal-de-langel","status":"publish","type":"post","link":"https:\/\/blog.caritas.barcelona\/es\/entidades-con-corazon\/del-3-al-24-de-marzo-exposicion-de-los-carteles-de-caritas-diocesana-de-barcelona-en-el-corte-ingles-de-la-avinguda-del-portal-de-langel\/","title":{"rendered":"Del 3 al 24 de marzo exposici\u00f3n de los carteles de C\u00e0ritas Diocesana de Barcelona en el Corte Ingl\u00e9s de la Avinguda del Portal de l&#8217;\u00c0ngel"},"content":{"rendered":"<p>Con esta exposici\u00f3n <strong>C\u00e1ritas Diocesana de Barcelona<\/strong> invita a hacer un <strong>viaje por la historia<\/strong> del sufrimiento de muchas <strong>personas<\/strong> en situaci\u00f3n de <strong>exclusi\u00f3n social.<\/strong><\/p>\n<p><!--more--><a href=\"https:\/\/blog.caritas.barcelona\/wp-content\/uploads\/sites\/2\/2015\/03\/Cartells-qualitat-mitja-8_01.jpg\"><img loading=\"lazy\" decoding=\"async\" class=\"size-full wp-image-8414 alignleft\" alt=\"Cartells-qualitat mitja (8)_0\" src=\"https:\/\/blog.caritas.barcelona\/wp-content\/uploads\/sites\/2\/2015\/03\/Cartells-qualitat-mitja-8_01.jpg\" width=\"212\" height=\"314\" \/><\/a>Se podr\u00e1n ver <strong>carteles<\/strong> de las <strong>campa\u00f1as institucionales<\/strong> que C\u00e1ritas ha elaborado a lo largo de sus <strong>70 a\u00f1os,<\/strong> para<strong> sensibilizar y denunciar<\/strong> las situaciones de pobreza. Unos mensajes que nos recuerdan que <strong>la soledad, el paro, el miedo, la exclusi\u00f3n<\/strong> y la incertidumbre son todav\u00eda, desgraciadamente, protagonistas del d\u00eda a d\u00eda de mucha<strong> gente<\/strong> que tenemos cerca, <strong>a nuestro lado.<\/strong><\/p>\n","protected":false},"excerpt":{"rendered":"<p>Con esta exposici\u00f3n C\u00e1ritas Diocesana de Barcelona invita a hacer un viaje por la historia del sufrimiento de muchas personas en situaci\u00f3n de exclusi\u00f3n social.<\/p>\n","protected":false},"author":4,"featured_media":0,"comment_status":"open","ping_status":"open","sticky":false,"template":"","format":"standard","meta":{"footnotes":""},"categories":[22],"tags":[818,49,816],"autor":[36],"class_list":["post-4208","post","type-post","status-publish","format-standard","hentry","category-entidades-con-corazon","tag-campana-institucional","tag-caritas","tag-cultura-con-corazon","autor-caritas-diocesana-de-barcelona-es"],"aioseo_notices":[],"_links":{"self":[{"href":"https:\/\/blog.caritas.barcelona\/es\/wp-json\/wp\/v2\/posts\/4208","targetHints":{"allow":["GET"]}}],"collection":[{"href":"https:\/\/blog.caritas.barcelona\/es\/wp-json\/wp\/v2\/posts"}],"about":[{"href":"https:\/\/blog.caritas.barcelona\/es\/wp-json\/wp\/v2\/types\/post"}],"author":[{"embeddable":true,"href":"https:\/\/blog.caritas.barcelona\/es\/wp-json\/wp\/v2\/users\/4"}],"replies":[{"embeddable":true,"href":"https:\/\/blog.caritas.barcelona\/es\/wp-json\/wp\/v2\/comments?post=4208"}],"version-history":[{"count":0,"href":"https:\/\/blog.caritas.barcelona\/es\/wp-json\/wp\/v2\/posts\/4208\/revisions"}],"wp:attachment":[{"href":"https:\/\/blog.caritas.barcelona\/es\/wp-json\/wp\/v2\/media?parent=4208"}],"wp:term":[{"taxonomy":"category","embeddable":true,"href":"https:\/\/blog.caritas.barcelona\/es\/wp-json\/wp\/v2\/categories?post=4208"},{"taxonomy":"post_tag","embeddable":true,"href":"https:\/\/blog.caritas.barcelona\/es\/wp-json\/wp\/v2\/tags?post=4208"},{"taxonomy":"autor","embeddable":true,"href":"https:\/\/blog.caritas.barcelona\/es\/wp-json\/wp\/v2\/autor?post=4208"}],"curies":[{"name":"wp","href":"https:\/\/api.w.org\/{rel}","templated":true}]}}