{"id":4207,"date":"2015-02-27T00:00:00","date_gmt":"2015-02-26T23:00:00","guid":{"rendered":"https:\/\/blog.caritas.barcelona\/acogida-y-acompanamiento\/conferencia-de-salvador-busquets-en-la-upf\/"},"modified":"2015-02-27T00:00:00","modified_gmt":"2015-02-26T23:00:00","slug":"conferencia-de-salvador-busquets-en-la-upf","status":"publish","type":"post","link":"https:\/\/blog.caritas.barcelona\/es\/entidades-con-corazon\/conferencia-de-salvador-busquets-en-la-upf\/","title":{"rendered":"Conferencia de Salvador Busquets en la UPF"},"content":{"rendered":"<p>Con el objetivo de concienciar a los <strong>alumnos de periodismo<\/strong>\u00a0de la realidad social que se est\u00e1 viviendo actualmente, <span style=\"color: #ff0000;\"><strong>Salvador Busquets<\/strong><\/span>, director de C\u00e1ritas, quiso transmitir la importancia de la <strong>acci\u00f3n social de C\u00e1ritas<\/strong> y sus programas en nuestra sociedad.<\/p>\n<p style=\"text-align: left;\"><!--more--><a href=\"https:\/\/blog.caritas.barcelona\/wp-content\/uploads\/sites\/2\/2015\/02\/IMG_06951.jpg\"><img loading=\"lazy\" decoding=\"async\" class=\" wp-image-8360 alignleft\" alt=\"IMG_0695\" src=\"https:\/\/blog.caritas.barcelona\/wp-content\/uploads\/sites\/2\/2015\/02\/IMG_06951.jpg\" width=\"411\" height=\"308\" \/><\/a>En la conferencia, se trataron temas como<strong> la crisis<\/strong>, los diferentes tipos de <strong>pobreza<\/strong> y c\u00f3mo se gestiona, el problema de la <strong>vivienda<\/strong>, <strong>el paro<\/strong> y de c\u00f3mo <strong>C\u00e1ritas<\/strong> con sus programas y <strong>Entidades con coraz\u00f3n<\/strong>, conjuntamente con la tarea de sus <strong>voluntarios<\/strong> que son el pilar de la entidad, est\u00e1n realizando un trabajo imparable para poder <strong>paliar<\/strong> la situaci\u00f3n de<strong> exclusi\u00f3n social.<\/strong><\/p>\n<p style=\"text-align: left;\">Los alumnos, <strong>futuros periodistas<\/strong>, fueron muy participativos a lo largo de la conferencia <strong>\u201ctwitteando\u201d<\/strong> aspectos importantes de los que hablaba <strong>Salvador Busquets<\/strong> y preguntando sus inquietudes.<\/p>\n<p style=\"text-align: left;\">Desde C\u00e1ritas queremos agradecer por su disposici\u00f3n al profesor David Caminada y a los alumnos por su implicaci\u00f3n.<\/p>\n","protected":false},"excerpt":{"rendered":"<p>Con el objetivo de concienciar a los alumnos de periodismo\u00a0de la realidad social que se est\u00e1 viviendo actualmente, Salvador Busquets, director de C\u00e1ritas, quiso transmitir la importancia de la acci\u00f3n social de C\u00e1ritas y sus programas en nuestra sociedad.<\/p>\n","protected":false},"author":4,"featured_media":0,"comment_status":"open","ping_status":"open","sticky":false,"template":"","format":"standard","meta":{"footnotes":""},"categories":[22],"tags":[49,50,817],"autor":[36],"class_list":["post-4207","post","type-post","status-publish","format-standard","hentry","category-entidades-con-corazon","tag-caritas","tag-salvador-busquets","tag-universidad-pompeu-fabra","autor-caritas-diocesana-de-barcelona-es"],"aioseo_notices":[],"_links":{"self":[{"href":"https:\/\/blog.caritas.barcelona\/es\/wp-json\/wp\/v2\/posts\/4207","targetHints":{"allow":["GET"]}}],"collection":[{"href":"https:\/\/blog.caritas.barcelona\/es\/wp-json\/wp\/v2\/posts"}],"about":[{"href":"https:\/\/blog.caritas.barcelona\/es\/wp-json\/wp\/v2\/types\/post"}],"author":[{"embeddable":true,"href":"https:\/\/blog.caritas.barcelona\/es\/wp-json\/wp\/v2\/users\/4"}],"replies":[{"embeddable":true,"href":"https:\/\/blog.caritas.barcelona\/es\/wp-json\/wp\/v2\/comments?post=4207"}],"version-history":[{"count":0,"href":"https:\/\/blog.caritas.barcelona\/es\/wp-json\/wp\/v2\/posts\/4207\/revisions"}],"wp:attachment":[{"href":"https:\/\/blog.caritas.barcelona\/es\/wp-json\/wp\/v2\/media?parent=4207"}],"wp:term":[{"taxonomy":"category","embeddable":true,"href":"https:\/\/blog.caritas.barcelona\/es\/wp-json\/wp\/v2\/categories?post=4207"},{"taxonomy":"post_tag","embeddable":true,"href":"https:\/\/blog.caritas.barcelona\/es\/wp-json\/wp\/v2\/tags?post=4207"},{"taxonomy":"autor","embeddable":true,"href":"https:\/\/blog.caritas.barcelona\/es\/wp-json\/wp\/v2\/autor?post=4207"}],"curies":[{"name":"wp","href":"https:\/\/api.w.org\/{rel}","templated":true}]}}