{"id":3379,"date":"2017-06-08T00:00:00","date_gmt":"2017-06-07T22:00:00","guid":{"rendered":"https:\/\/blog.caritas.barcelona\/acogida-y-acompanamiento\/desprenderse-de-la-mochila\/"},"modified":"2017-07-27T09:46:02","modified_gmt":"2017-07-27T07:46:02","slug":"desprenderse-de-la-mochila","status":"publish","type":"post","link":"https:\/\/blog.caritas.barcelona\/es\/acogida-y-acompanamiento\/desprenderse-de-la-mochila\/","title":{"rendered":"Desprenderse de la mochila"},"content":{"rendered":"<p>El proyecto &#8216;Tastets de vida&#8217; ofrece salidas culturales, cada 15 d\u00edas, a sus participantes para que disfruten de un momento de ocio y diversi\u00f3n en grupo.<\/p>\n<p><img loading=\"lazy\" decoding=\"async\" class=\"alignnone size-large wp-image-4944\" src=\"https:\/\/blog.caritas.barcelona\/wp-content\/uploads\/sites\/2\/2017\/06\/20170608_Tastets_de_vida_Poble_Espanyol-22-1024x683.jpg\" alt=\"\" width=\"1024\" height=\"683\" \/><\/p>\n<p>&#8220;Con estas excursiones, me olvido por unos momentos de mi situaci\u00f3n y, cuando se acaban, me vuelvo a poner la mochila a la espalda&#8221;. Este testigo capta la esencia del proyecto Tastets de vida, que se puso en marcha en abril, y pretende que sus participantes puedan disfrutar de momentos de ocio junto con otras personas de la zona pastoral 4 que se encuentran en situaciones dif\u00edciles. Desde abril, se han hecho numerosas salidas culturales -el Liceu, el Palau de la M\u00fasica &#8230; &#8211; y a\u00fan quedan un par m\u00e1s, al Museo de les Aig\u00fces de Cornell\u00e1 y a la biblioteca de la zona. Este jueves, el grupo de Tastets de Vida pudo visitar el Pueblo Espa\u00f1ol y qued\u00f3 impresionado por las construcciones arquitect\u00f3nicas.<\/p>\n<p><strong>Desconexi\u00f3n temporal<\/strong><\/p>\n<p>Junto con un voluntario, los participantes cruzaron la puerta de entrada del Pueblo Espa\u00f1ol con mucha ilusi\u00f3n. Algunos ya hab\u00edan estado, otros era la primera vez que visitaban este rinc\u00f3n de Barcelona. Todos, sin embargo, quedaron maravillados por los diferentes espacios y aquellos que hab\u00edan estado explicaban a otros de donde eran las construcciones que iban fotografiando. Sin embargo, la sorpresa lleg\u00f3 cuando vieron un taller artesanal de vidrio. A pesar del calor, uno de los vidrieros modelaba el vidrio y, otro, le a\u00f1ad\u00eda los peque\u00f1os detalles. As\u00ed, recordaron que ayud\u00e1ndose unos a otros pod\u00edan llegar muy lejos.<\/p>\n<p><img loading=\"lazy\" decoding=\"async\" class=\"alignnone size-large wp-image-4946\" src=\"https:\/\/blog.caritas.barcelona\/wp-content\/uploads\/sites\/2\/2017\/06\/20170608_Tastets_de_vida_Poble_Espanyol-5-1024x683.jpg\" alt=\"\" width=\"1024\" height=\"683\" \/><\/p>\n<p>Tastets de vida es eso: desconectar, cada 15 d\u00edas, para pasar un buen rato juntos, para conocer y visitar lugares emblem\u00e1ticos de la ciudad. En estas salidas, los\/las trabajadores\/as sociales pueden analizar c\u00f3mo son las personas en un \u00e1mbito de relaci\u00f3n social y conocer algunos detalles de su vida que quiz\u00e1s no se hab\u00edan detectado previamente. En definitiva, se trata de un proyecto que apuesta por el ocio como herramienta de relaci\u00f3n grupal y como liberaci\u00f3n de la situaci\u00f3n personal.<\/p>\n","protected":false},"excerpt":{"rendered":"<p>El proyecto &#8216;Tastets de vida&#8217; ofrece salidas culturales, cada 15 d\u00edas, a sus participantes para que disfruten de un momento de ocio y diversi\u00f3n en grupo. &#8220;Con estas excursiones, me olvido por unos momentos de mi situaci\u00f3n y, cuando se acaban, me vuelvo a poner la mochila a la espalda&#8221;. Este testigo capta la esencia [&hellip;]<\/p>\n","protected":false},"author":1,"featured_media":3067,"comment_status":"open","ping_status":"open","sticky":false,"template":"","format":"standard","meta":{"footnotes":""},"categories":[31],"tags":[],"autor":[36],"class_list":["post-3379","post","type-post","status-publish","format-standard","has-post-thumbnail","hentry","category-acogida-y-acompanamiento","autor-caritas-diocesana-de-barcelona-es"],"aioseo_notices":[],"_links":{"self":[{"href":"https:\/\/blog.caritas.barcelona\/es\/wp-json\/wp\/v2\/posts\/3379","targetHints":{"allow":["GET"]}}],"collection":[{"href":"https:\/\/blog.caritas.barcelona\/es\/wp-json\/wp\/v2\/posts"}],"about":[{"href":"https:\/\/blog.caritas.barcelona\/es\/wp-json\/wp\/v2\/types\/post"}],"author":[{"embeddable":true,"href":"https:\/\/blog.caritas.barcelona\/es\/wp-json\/wp\/v2\/users\/1"}],"replies":[{"embeddable":true,"href":"https:\/\/blog.caritas.barcelona\/es\/wp-json\/wp\/v2\/comments?post=3379"}],"version-history":[{"count":4,"href":"https:\/\/blog.caritas.barcelona\/es\/wp-json\/wp\/v2\/posts\/3379\/revisions"}],"predecessor-version":[{"id":4949,"href":"https:\/\/blog.caritas.barcelona\/es\/wp-json\/wp\/v2\/posts\/3379\/revisions\/4949"}],"wp:featuredmedia":[{"embeddable":true,"href":"https:\/\/blog.caritas.barcelona\/es\/wp-json\/wp\/v2\/media\/3067"}],"wp:attachment":[{"href":"https:\/\/blog.caritas.barcelona\/es\/wp-json\/wp\/v2\/media?parent=3379"}],"wp:term":[{"taxonomy":"category","embeddable":true,"href":"https:\/\/blog.caritas.barcelona\/es\/wp-json\/wp\/v2\/categories?post=3379"},{"taxonomy":"post_tag","embeddable":true,"href":"https:\/\/blog.caritas.barcelona\/es\/wp-json\/wp\/v2\/tags?post=3379"},{"taxonomy":"autor","embeddable":true,"href":"https:\/\/blog.caritas.barcelona\/es\/wp-json\/wp\/v2\/autor?post=3379"}],"curies":[{"name":"wp","href":"https:\/\/api.w.org\/{rel}","templated":true}]}}