{"id":3378,"date":"2017-03-30T00:00:00","date_gmt":"2017-03-29T22:00:00","guid":{"rendered":"https:\/\/blog.caritas.barcelona\/acogida-y-acompanamiento\/campo-de-trabajo-solidario\/"},"modified":"2017-07-14T11:31:02","modified_gmt":"2017-07-14T09:31:02","slug":"campo-de-trabajo-solidario","status":"publish","type":"post","link":"https:\/\/blog.caritas.barcelona\/es\/familia-e-infancia\/campo-de-trabajo-solidario\/","title":{"rendered":"Campo de trabajo solidario"},"content":{"rendered":"<p>\u00bfTienes entre 16 y 18 a\u00f1os o conoces a alguien con esta edad? Del 8 al 14 de julio ven a divertirte en nuestro Campo de Trabajo Solidario. \u00a1Podr\u00e1s ser monitor\/a y alumno\/a a la vez y compartir tiempo libre con otros j\u00f3venes!<\/p>\n<p><strong>Campo de trabajo solidario<\/strong><\/p>\n<p>\u00a1Disfruta del verano y ap\u00fantate al Campo de Trabajo Solidario!<\/p>\n<p>Si tienes entre 16 y 18 a\u00f1os, te invitamos a pasar siete d\u00edas y siete noches con nosotros: ser\u00e1s monitor\/a y alumno\/a de nuestros centros para j\u00f3venes del 8 al 14 de julio.<br \/>\nEn verano se ofrecen muchas actividades para ni\u00f1os, y tambi\u00e9n para j\u00f3venes. A partir de los 16 a\u00f1os, es dif\u00edcil encontrar ofertas de ocio interesantes y que adem\u00e1s apuesten por fomentar valores de solidaridad, autoconocimiento y descubrimiento de nuevas realidades.<\/p>\n<p>Asimismo, en C\u00e1ritas siempre se ha trabajado para fomentar el voluntariado, sensibilizar sobre la realidad con la que trabajamos y al mismo tiempo procurar despertar el compromiso especialmente de la gente m\u00e1s joven. Con el Campo de Trabajo Solidario procuramos que los j\u00f3venes ocupen un tiempo de ocio con sentido donde podr\u00e1n tener nuevas experiencias que les ayudar\u00e1n en su crecimiento personal. Son siete d\u00edas de diversi\u00f3n durante los que dormir\u00e1s y convivir\u00e1s en el Centro Abierto Torre Bar\u00f3 junto con otros j\u00f3venes.<\/p>\n<p><strong>\u00bfQu\u00e9 podr\u00e1s hacer?<\/strong><\/p>\n<p>El Campo de trabajo est\u00e1 formado por tres \u00e1reas de acci\u00f3n que se har\u00e1n de manera combinada:<\/p>\n<p>\u2022 Descubre el voluntariado: Haz de voluntario en las salidas, los talleres, los juegos o el deporte en el Casal de Verano ayudando a los ni\u00f1os del Centro Abierto Torre Bar\u00f3. Se dar\u00e1 apoyo al equipo educativo en las actividades programadas en el casal de verano. Los ni\u00f1os tienen entre 6-12 a\u00f1os.<\/p>\n<p>\u2022 Diversi\u00f3n con otros j\u00f3venes: Comparte ocio, inquietudes y diversi\u00f3n con j\u00f3venes de tu edad en el Centro de J\u00f3venes Llops del Taga.<\/p>\n<p>\u2022 Con\u00f3cete, f\u00f3rmate y reflexiona: Habr\u00e1 ratos para reflexionar y compartir con el grupo las experiencias vividas. Adem\u00e1s, expertos de diferentes \u00e1mbitos te introducir\u00e1n en la realidad social y el voluntariado. \u00a1Colabora en encuentros, debates, descubierta del barrio y el entorno, ocio y mucha amistad!<\/p>\n<p>Si quieres apuntarte al Campo de Trabajo Solidario u obtener m\u00e1s informaci\u00f3n, env\u00eda un correo electr\u00f3nico a infocaritas@caritasbcn.org. \u00a1Te esperamos!<\/p>\n","protected":false},"excerpt":{"rendered":"<p>\u00bfTienes entre 16 y 18 a\u00f1os o conoces a alguien con esta edad? Del 8 al 14 de julio ven a divertirte en nuestro Campo de Trabajo Solidario. \u00a1Podr\u00e1s ser monitor\/a y alumno\/a a la vez y compartir tiempo libre con otros j\u00f3venes! Campo de trabajo solidario \u00a1Disfruta del verano y ap\u00fantate al Campo de [&hellip;]<\/p>\n","protected":false},"author":1,"featured_media":3888,"comment_status":"open","ping_status":"open","sticky":false,"template":"","format":"standard","meta":{"footnotes":""},"categories":[28],"tags":[],"autor":[36],"class_list":["post-3378","post","type-post","status-publish","format-standard","has-post-thumbnail","hentry","category-familia-e-infancia","autor-caritas-diocesana-de-barcelona-es"],"aioseo_notices":[],"_links":{"self":[{"href":"https:\/\/blog.caritas.barcelona\/es\/wp-json\/wp\/v2\/posts\/3378","targetHints":{"allow":["GET"]}}],"collection":[{"href":"https:\/\/blog.caritas.barcelona\/es\/wp-json\/wp\/v2\/posts"}],"about":[{"href":"https:\/\/blog.caritas.barcelona\/es\/wp-json\/wp\/v2\/types\/post"}],"author":[{"embeddable":true,"href":"https:\/\/blog.caritas.barcelona\/es\/wp-json\/wp\/v2\/users\/1"}],"replies":[{"embeddable":true,"href":"https:\/\/blog.caritas.barcelona\/es\/wp-json\/wp\/v2\/comments?post=3378"}],"version-history":[{"count":2,"href":"https:\/\/blog.caritas.barcelona\/es\/wp-json\/wp\/v2\/posts\/3378\/revisions"}],"predecessor-version":[{"id":3583,"href":"https:\/\/blog.caritas.barcelona\/es\/wp-json\/wp\/v2\/posts\/3378\/revisions\/3583"}],"wp:featuredmedia":[{"embeddable":true,"href":"https:\/\/blog.caritas.barcelona\/es\/wp-json\/wp\/v2\/media\/3888"}],"wp:attachment":[{"href":"https:\/\/blog.caritas.barcelona\/es\/wp-json\/wp\/v2\/media?parent=3378"}],"wp:term":[{"taxonomy":"category","embeddable":true,"href":"https:\/\/blog.caritas.barcelona\/es\/wp-json\/wp\/v2\/categories?post=3378"},{"taxonomy":"post_tag","embeddable":true,"href":"https:\/\/blog.caritas.barcelona\/es\/wp-json\/wp\/v2\/tags?post=3378"},{"taxonomy":"autor","embeddable":true,"href":"https:\/\/blog.caritas.barcelona\/es\/wp-json\/wp\/v2\/autor?post=3378"}],"curies":[{"name":"wp","href":"https:\/\/api.w.org\/{rel}","templated":true}]}}