{"id":3376,"date":"2017-05-25T00:00:00","date_gmt":"2017-05-24T22:00:00","guid":{"rendered":"https:\/\/blog.caritas.barcelona\/acogida-y-acompanamiento\/la-taula-sense-llar-de-badalona-se-pone-en-marcha\/"},"modified":"2017-07-27T14:52:41","modified_gmt":"2017-07-27T12:52:41","slug":"la-taula-sense-llar-de-badalona-se-pone-en-marcha","status":"publish","type":"post","link":"https:\/\/blog.caritas.barcelona\/es\/institucional-es\/la-taula-sense-llar-de-badalona-se-pone-en-marcha\/","title":{"rendered":"La Taula Sense Llar de Badalona se pone en marcha"},"content":{"rendered":"<p>C\u00e1ritas Diocesana de Barcelona suma esfuerzos con las entidades de Badalona para hacer frente al sinhogarismo<\/p>\n<p>&nbsp;<\/p>\n<p><img loading=\"lazy\" decoding=\"async\" class=\"alignnone size-large wp-image-5044\" src=\"https:\/\/blog.caritas.barcelona\/wp-content\/uploads\/sites\/2\/2017\/05\/20170525_Taula_Sense_Llar_Badalona-3-1024x683.jpg\" alt=\"\" width=\"1024\" height=\"683\" \/><\/p>\n<p>&nbsp;<\/p>\n<p>El recuento de personas en situaci\u00f3n de sin hogar en Badalona de 2016 agrup\u00f3 a m\u00e1s de 180 voluntarios y distintas entidades para averiguar el n\u00famero de personas que dorm\u00edan en las calles de la ciudad. El resultado fue de 39 personas en situaci\u00f3n de sin hogar, una cifra importante teniendo en cuenta lo que supone perderlo todo. El recuento fue la semilla que ha hecho brotar la Taula Sense Llar de Badalona, una plataforma de entidades sociales que trabajar\u00e1 en favor de iniciativas sociales y pol\u00edticas para hacer frente al sinhogarismo.<\/p>\n<p>El acto cont\u00f3 con la participaci\u00f3n de la concejala de Servicios Sociales del Ayuntamiento, C\u00e1ritas Diocesana de Barcelona, la Fundaci\u00f3 Roca i Pi, la Fundaci\u00f3 Mambr\u00e9, la Fundaci\u00f3n Acollida i Esperan\u00e7a y Cruz Roja del Barcelon\u00e8s Nord.<\/p>\n<p>Durante la presentaci\u00f3n de la Taula Sense Llar de Badalona, Xavier Oncins, consejero de Caritas Diocesana de Barcelona, destac\u00f3 que la crisis a\u00fan golpea a las personas m\u00e1s d\u00e9biles. Oncins advirti\u00f3 que las entidades de Badalona atienden nuevos casos cada d\u00eda, y que el objetivo principal de las entidades es &#8220;acompa\u00f1ar historias de vida de personas muy vulnerables que necesitan recuperar la autoestima&#8221;.<\/p>\n<p>La Taula Sense Llar hizo una diferenciaci\u00f3n entre las personas en situaci\u00f3n de sin techo y las personas en situaci\u00f3n de sin hogar, indicando que hay muchas personas que, a pesar de tener un techo, \u00e9ste no re\u00fane las condiciones suficientes para desarrollar una vida digna. En este aspecto, se puso en valor la tarea social de las entidades de Badalona, destacando que muchas personas estar\u00edan en situaci\u00f3n de sin hogar si no fuera por los proyectos que tienen las entidades en Badalona.<\/p>\n<p>En este sentido, Oncins celebr\u00f3 la creaci\u00f3n de la Taula Sense Llar de Badalona, ya que supondr\u00e1 una suma de esfuerzos para hacer un diagn\u00f3stico preciso del sinhogarismo en la ciudad y consensuar las acciones.<\/p>\n<p>Al finalizar la presentaci\u00f3n de la Taula, se inform\u00f3 que ya se est\u00e1 trabajando para organizar el Recuento de Personas Sin Hogar de Badalona y actualizar las cifras de 2016.<\/p>\n","protected":false},"excerpt":{"rendered":"<p>C\u00e1ritas Diocesana de Barcelona suma esfuerzos con las entidades de Badalona para hacer frente al sinhogarismo &nbsp; &nbsp; El recuento de personas en situaci\u00f3n de sin hogar en Badalona de 2016 agrup\u00f3 a m\u00e1s de 180 voluntarios y distintas entidades para averiguar el n\u00famero de personas que dorm\u00edan en las calles de la ciudad. El [&hellip;]<\/p>\n","protected":false},"author":1,"featured_media":3057,"comment_status":"open","ping_status":"open","sticky":false,"template":"","format":"standard","meta":{"footnotes":""},"categories":[21],"tags":[],"autor":[36],"class_list":["post-3376","post","type-post","status-publish","format-standard","has-post-thumbnail","hentry","category-institucional-es","autor-caritas-diocesana-de-barcelona-es"],"aioseo_notices":[],"_links":{"self":[{"href":"https:\/\/blog.caritas.barcelona\/es\/wp-json\/wp\/v2\/posts\/3376","targetHints":{"allow":["GET"]}}],"collection":[{"href":"https:\/\/blog.caritas.barcelona\/es\/wp-json\/wp\/v2\/posts"}],"about":[{"href":"https:\/\/blog.caritas.barcelona\/es\/wp-json\/wp\/v2\/types\/post"}],"author":[{"embeddable":true,"href":"https:\/\/blog.caritas.barcelona\/es\/wp-json\/wp\/v2\/users\/1"}],"replies":[{"embeddable":true,"href":"https:\/\/blog.caritas.barcelona\/es\/wp-json\/wp\/v2\/comments?post=3376"}],"version-history":[{"count":3,"href":"https:\/\/blog.caritas.barcelona\/es\/wp-json\/wp\/v2\/posts\/3376\/revisions"}],"predecessor-version":[{"id":5047,"href":"https:\/\/blog.caritas.barcelona\/es\/wp-json\/wp\/v2\/posts\/3376\/revisions\/5047"}],"wp:featuredmedia":[{"embeddable":true,"href":"https:\/\/blog.caritas.barcelona\/es\/wp-json\/wp\/v2\/media\/3057"}],"wp:attachment":[{"href":"https:\/\/blog.caritas.barcelona\/es\/wp-json\/wp\/v2\/media?parent=3376"}],"wp:term":[{"taxonomy":"category","embeddable":true,"href":"https:\/\/blog.caritas.barcelona\/es\/wp-json\/wp\/v2\/categories?post=3376"},{"taxonomy":"post_tag","embeddable":true,"href":"https:\/\/blog.caritas.barcelona\/es\/wp-json\/wp\/v2\/tags?post=3376"},{"taxonomy":"autor","embeddable":true,"href":"https:\/\/blog.caritas.barcelona\/es\/wp-json\/wp\/v2\/autor?post=3376"}],"curies":[{"name":"wp","href":"https:\/\/api.w.org\/{rel}","templated":true}]}}