{"id":3371,"date":"2017-05-19T00:00:00","date_gmt":"2017-05-18T22:00:00","guid":{"rendered":"https:\/\/blog.caritas.barcelona\/acogida-y-acompanamiento\/hacerse-mayor-un-motivo-de-celebracion\/"},"modified":"2017-07-10T14:17:21","modified_gmt":"2017-07-10T12:17:21","slug":"hacerse-mayor-un-motivo-de-celebracion","status":"publish","type":"post","link":"https:\/\/blog.caritas.barcelona\/es\/personas-mayores\/hacerse-mayor-un-motivo-de-celebracion\/","title":{"rendered":"Hacerse mayor, un motivo de celebraci\u00f3n"},"content":{"rendered":"<p>J\u00f3venes y mayores participan en la fiesta intergeneracional de primavera de C\u00e1ritas Diocesana de Barcelona<\/p>\n<p>&#8220;Esta fiesta me ha dado vida&#8221;. As\u00ed se expresaba Carme, una se\u00f1ora de 83 a\u00f1os que no se ha querido perder la fiesta intergeneracional de C\u00e1ritas celebrada en la Parroquia de Sant Joan Bosco. Carme vive la soledad, ya que su hijo hace m\u00e1s de diez a\u00f1os que trabaja en Brasil. Por eso, Carmen cuenta con la compa\u00f1\u00eda de la Joaquina, una voluntaria de C\u00e1ritas que participa en el \u201ctramat de vida\u201d de la Parroquia de Crist Rei. Los \u201ctramats de vida\u201d los forman voluntarios de parroquia que semanalmente visitan a personas mayores en situaci\u00f3n de soledad. &#8220;Hace m\u00e1s de diez a\u00f1os que soy voluntaria de C\u00e1ritas, y antes lo hab\u00eda sido de Cruz Roja&#8221;, explica Joaquina. Normalmente, Joaquina y Carme se encuentran una vez por semana, salen a pasear, conversan o simplemente pasan un buen rato. &#8220;C\u00e1ritas me hace feliz&#8221;, dice Carme. La relaci\u00f3n con su voluntaria es de amistad, como si fueran de la misma familia.<\/p>\n<p>La fiesta intergeneracional pone en com\u00fan muchas experiencias de vida, y es una oportunidad para romper con la rutina de las personas mayores. El acto, que es el 4\u00ba a\u00f1o que se lleva a cabo, acogi\u00f3 a m\u00e1s de 250 personas y cont\u00f3 con la participaci\u00f3n de alumnos de distintas escuelas de Barcelona que colaboran en todo lo que pueda beneficiar la labor social de C\u00e1ritas. Repartiendo meriendas, organizando el espacio y ofreciendo diversos bailes, los j\u00f3venes de las Escoles amb Cor fueron voluntarios por un d\u00eda.<\/p>\n<p>Durante la celebraci\u00f3n hablamos con Julio, voluntario que forma parte del proyecto &#8220;em d\u00f3nes la m\u00e0&#8221; de la parroquia de Vilapicina. &#8220;El medio a\u00f1o que llevo como voluntario me ha llenado mucho. Nosotros estamos con los ancianos y ellos est\u00e1n con nosotros, es un intercambio&#8221;, indica.<\/p>\n<p>Mos\u00e9n Francesc forma parte de la Comunidad Parroquial de Sant Joan Bosco, y nos indica que la Parroquia tiene seis o siete grupos de voluntarios que realizan actividades en favor del barrio. &#8220;Es necesario que la iglesia est\u00e9 cercana a las demandas de las personas, y actos como \u00e9ste nos demuestran que la acci\u00f3n social est\u00e1 intr\u00ednsecamente ligada a la liturgia&#8221;, afirma Mos\u00e9n Francesc.<\/p>\n<p>Queremos dar las gracias a todos los trabajadores, voluntarios y colaboradores que participaron en la fiesta intergeneracional. Agradecemos tambi\u00e9n la colaboraci\u00f3n del Hotel Arts, que un a\u00f1o m\u00e1s ha proporcionado toda la merienda de la celebraci\u00f3n. Queremos que las personas vivan la \u00faltima etapa de su vida con la m\u00e1xima dignidad posible, y con la acci\u00f3n de C\u00e1ritas y de sus voluntarios trabajamos para que sea posible.<\/p>\n","protected":false},"excerpt":{"rendered":"<p>J\u00f3venes y mayores participan en la fiesta intergeneracional de primavera de C\u00e1ritas Diocesana de Barcelona &#8220;Esta fiesta me ha dado vida&#8221;. As\u00ed se expresaba Carme, una se\u00f1ora de 83 a\u00f1os que no se ha querido perder la fiesta intergeneracional de C\u00e1ritas celebrada en la Parroquia de Sant Joan Bosco. Carme vive la soledad, ya que [&hellip;]<\/p>\n","protected":false},"author":1,"featured_media":723,"comment_status":"open","ping_status":"open","sticky":false,"template":"","format":"standard","meta":{"footnotes":""},"categories":[26],"tags":[],"autor":[36],"class_list":["post-3371","post","type-post","status-publish","format-standard","has-post-thumbnail","hentry","category-personas-mayores","autor-caritas-diocesana-de-barcelona-es"],"aioseo_notices":[],"_links":{"self":[{"href":"https:\/\/blog.caritas.barcelona\/es\/wp-json\/wp\/v2\/posts\/3371","targetHints":{"allow":["GET"]}}],"collection":[{"href":"https:\/\/blog.caritas.barcelona\/es\/wp-json\/wp\/v2\/posts"}],"about":[{"href":"https:\/\/blog.caritas.barcelona\/es\/wp-json\/wp\/v2\/types\/post"}],"author":[{"embeddable":true,"href":"https:\/\/blog.caritas.barcelona\/es\/wp-json\/wp\/v2\/users\/1"}],"replies":[{"embeddable":true,"href":"https:\/\/blog.caritas.barcelona\/es\/wp-json\/wp\/v2\/comments?post=3371"}],"version-history":[{"count":2,"href":"https:\/\/blog.caritas.barcelona\/es\/wp-json\/wp\/v2\/posts\/3371\/revisions"}],"predecessor-version":[{"id":3571,"href":"https:\/\/blog.caritas.barcelona\/es\/wp-json\/wp\/v2\/posts\/3371\/revisions\/3571"}],"wp:featuredmedia":[{"embeddable":true,"href":"https:\/\/blog.caritas.barcelona\/es\/wp-json\/wp\/v2\/media\/723"}],"wp:attachment":[{"href":"https:\/\/blog.caritas.barcelona\/es\/wp-json\/wp\/v2\/media?parent=3371"}],"wp:term":[{"taxonomy":"category","embeddable":true,"href":"https:\/\/blog.caritas.barcelona\/es\/wp-json\/wp\/v2\/categories?post=3371"},{"taxonomy":"post_tag","embeddable":true,"href":"https:\/\/blog.caritas.barcelona\/es\/wp-json\/wp\/v2\/tags?post=3371"},{"taxonomy":"autor","embeddable":true,"href":"https:\/\/blog.caritas.barcelona\/es\/wp-json\/wp\/v2\/autor?post=3371"}],"curies":[{"name":"wp","href":"https:\/\/api.w.org\/{rel}","templated":true}]}}