{"id":3369,"date":"2017-05-18T00:00:00","date_gmt":"2017-05-17T22:00:00","guid":{"rendered":"https:\/\/blog.caritas.barcelona\/acogida-y-acompanamiento\/haciendo-visibles-a-los-invisibles\/"},"modified":"2018-05-03T14:25:12","modified_gmt":"2018-05-03T12:25:12","slug":"haciendo-visibles-a-los-invisibles","status":"publish","type":"post","link":"https:\/\/blog.caritas.barcelona\/es\/sin-hogar-y-vivienda\/haciendo-visibles-a-los-invisibles\/","title":{"rendered":"Haciendo visibles a los invisibles"},"content":{"rendered":"<p>Esta madrugada, voluntarios y trabajadores de C\u00e1ritas Diocesana de Barcelona han participado en el Recompte de Persones Sense Llar de Barcelona y Sant Adri\u00e0 de Bes\u00f2s para hacer visible el sinhogarismo<\/p>\n<p><strong><a href=\"https:\/\/blog.caritas.barcelona\/es\/sin-hogar-y-vivienda\/esta-noche-mas-de-1-000-personas-dormiran-en-la-calle\/\" target=\"_blank\" rel=\"noopener\">1.026 personas durmiendo en la calle<\/a>, esa es la cifra de personas que viven en situaci\u00f3n de sin hogar en la ciudad de Barcelona<\/strong>. Son 85 personas m\u00e1s que el a\u00f1o 2016 (un 8,3% m\u00e1s). A esta cifra hay que a\u00f1adirle 415 personas que duermen en asentamientos irregulares, y 1.954 en equipamientos municipales y de las entidades sociales que conforman la XAPSLLB (Xarxa de Persones Sense Llar de Barcelona).<\/p>\n<p>Gracias a la labor de los <strong>m\u00e1s de 1.000 voluntarios<\/strong>, esta madrugada se ha podido realizar el recuento, y para conocer la log\u00edstica hemos querido hacer un seguimiento a pie de calle.<\/p>\n<p><img loading=\"lazy\" decoding=\"async\" class=\"alignnone size-large wp-image-6737\" src=\"https:\/\/blog.caritas.barcelona\/wp-content\/uploads\/sites\/2\/2017\/05\/20170517_RECOMPTE_XAPSLL_@ANA_DE_IN\u00c9S-2-1024x576.jpg\" alt=\"\" width=\"1024\" height=\"576\" \/><br \/>\nLos preparativos del recuento est\u00e1n listos desde hace d\u00edas, y el Distrito de Horta-Guinard\u00f3 lo tiene todo preparado desde las ocho de la tarde para formar a los voluntarios y darles las pautas y documentaci\u00f3n que necesitan. Los voluntarios tambi\u00e9n reciben un refrigerio proporcionado por Aramark, una la Entitat amb Cor dedicada a la alimentaci\u00f3n que colabora ocasionalmente con C\u00e1ritas Diocesana de Barcelona.<\/p>\n<p>En Horta-Guinard\u00f3 cuentan con 76 voluntarios que se han dividido en cuatro barrios del Distrito. Los coordinadores forman parte de diversas entidades y Joan, de la Comunidad de Sant&#8217;Egidio, es uno de ellos. &#8220;El a\u00f1o pasado se contabilizaron 30 personas durmiendo en las calles de Horta-Guinard\u00f3&#8221;, nos indica. Es el segundo a\u00f1o que participa, y afirma que <strong>&#8220;la buena noticia es no encontrar a nadie durmiendo en la calle, a pesar de que los voluntarios quieran encontrarlos&#8221;<\/strong>.<\/p>\n<p>Hablando con distintos voluntarios, conocemos a Eloi y Mar\u00eda Teresa. Eloi es el segundo a\u00f1o que participa en el recuento. <strong>&#8220;Soy voluntario de Arrels desde hace dos a\u00f1os y medio, y la tarea que se realiza con las personas en situaci\u00f3n de sin hogar es necesaria para ser una sociedad m\u00e1s cercana y humana&#8221;<\/strong>. Mar\u00eda Teresa es el primer a\u00f1o que participa, y tambi\u00e9n colabora puntualmente con la C\u00e1ritas Parroquial de su barrio. <strong>&#8220;Siempre intento echar una mano. Hay que ser solidarios y ayudar a las personas vulnerables para que recuperen la esperanza&#8221;<\/strong>, dice.<\/p>\n<p><img loading=\"lazy\" decoding=\"async\" class=\"alignnone size-large wp-image-6739\" src=\"https:\/\/blog.caritas.barcelona\/wp-content\/uploads\/sites\/2\/2017\/05\/20170517_RECOMPTE_XAPSLL_@ANA_DE_IN\u00c9S-3-1024x576.jpg\" alt=\"\" width=\"1024\" height=\"576\" \/><\/p>\n<p>Tras conocer la log\u00edstica de Horta-Guinard\u00f3, nos trasladamos en el Distrito del Eixample. All\u00ed acompa\u00f1amos a Mariona y Bea, las compa\u00f1eras de grupo con las que recorreremos parte del barrio de l\u2019Antiga Esquerra de l\u2019Eixample. Mariona es bibliotecaria de Santa Coloma de Gramenet, y es el 3er a\u00f1o que hace de voluntaria. <strong>&#8220;He colaborado con Arrels y Sostre, y esta es una tarea muy necesaria para que se puedan trabajar mucho mejor las medidas para hacer frente a la situaci\u00f3n de las personas que viven en la calle&#8221;<\/strong>, afirma. Bea es el primer a\u00f1o que participa en el recuento, y cree que los ciudadanos <strong>debemos involucrarnos en todo lo que beneficie a los vecinos y vecinas de Barcelona<\/strong>.<\/p>\n<p><strong>Tras recorrer el cuadrante indicado durante una hora y media, contabilizamos dos personas durmiendo en la calle. Puede parecer una cifra poco relevante, pero la meta es que la cifra de 1.026 personas en situaci\u00f3n de sin hogar llegue a 0.<\/strong><\/p>\n<p><img loading=\"lazy\" decoding=\"async\" class=\"alignnone size-large wp-image-6741\" src=\"https:\/\/blog.caritas.barcelona\/wp-content\/uploads\/sites\/2\/2017\/05\/20170517_RECOMPTE_XAPSLL_@ANA_DE_IN\u00c9S-8-1024x684.jpg\" alt=\"\" width=\"1024\" height=\"684\" \/><\/p>\n<p style=\"text-align: center\"><strong>Si t\u00fa tambi\u00e9n quieres ayudarnos, ap\u00fantate al Recuento de 2018!<\/strong><\/p>\n<p><a href=\"https:\/\/caritas.barcelona\/es\/agenda-caritas\/recuento-sin-hogar-2018\/\" target=\"_blank\" rel=\"noopener\"><img loading=\"lazy\" decoding=\"async\" class=\"alignnone size-large wp-image-6753\" src=\"https:\/\/blog.caritas.barcelona\/wp-content\/uploads\/sites\/2\/2017\/05\/banner_recompte_2018_cast-1024x105.png\" alt=\"\" width=\"1024\" height=\"105\" \/><\/a><\/p>\n","protected":false},"excerpt":{"rendered":"<p>Esta madrugada, voluntarios y trabajadores de C\u00e1ritas Diocesana de Barcelona han participado en el Recompte de Persones Sense Llar de Barcelona y Sant Adri\u00e0 de Bes\u00f2s para hacer visible el sinhogarismo 1.026 personas durmiendo en la calle, esa es la cifra de personas que viven en situaci\u00f3n de sin hogar en la ciudad de Barcelona. [&hellip;]<\/p>\n","protected":false},"author":1,"featured_media":6741,"comment_status":"open","ping_status":"open","sticky":false,"template":"","format":"standard","meta":{"footnotes":""},"categories":[24],"tags":[1224,54,1144,1569,1570,1566,1571],"autor":[1212],"class_list":["post-3369","post","type-post","status-publish","format-standard","has-post-thumbnail","hentry","category-sin-hogar-y-vivienda","tag-caritas-es","tag-caritas-diocesana-de-barcelona","tag-recuento","tag-recuento-de-personas-sin-hogar","tag-sinhogar","tag-sinhogarismo","tag-xapsll","autor-jordi-julia-es"],"aioseo_notices":[],"_links":{"self":[{"href":"https:\/\/blog.caritas.barcelona\/es\/wp-json\/wp\/v2\/posts\/3369","targetHints":{"allow":["GET"]}}],"collection":[{"href":"https:\/\/blog.caritas.barcelona\/es\/wp-json\/wp\/v2\/posts"}],"about":[{"href":"https:\/\/blog.caritas.barcelona\/es\/wp-json\/wp\/v2\/types\/post"}],"author":[{"embeddable":true,"href":"https:\/\/blog.caritas.barcelona\/es\/wp-json\/wp\/v2\/users\/1"}],"replies":[{"embeddable":true,"href":"https:\/\/blog.caritas.barcelona\/es\/wp-json\/wp\/v2\/comments?post=3369"}],"version-history":[{"count":8,"href":"https:\/\/blog.caritas.barcelona\/es\/wp-json\/wp\/v2\/posts\/3369\/revisions"}],"predecessor-version":[{"id":6756,"href":"https:\/\/blog.caritas.barcelona\/es\/wp-json\/wp\/v2\/posts\/3369\/revisions\/6756"}],"wp:featuredmedia":[{"embeddable":true,"href":"https:\/\/blog.caritas.barcelona\/es\/wp-json\/wp\/v2\/media\/6741"}],"wp:attachment":[{"href":"https:\/\/blog.caritas.barcelona\/es\/wp-json\/wp\/v2\/media?parent=3369"}],"wp:term":[{"taxonomy":"category","embeddable":true,"href":"https:\/\/blog.caritas.barcelona\/es\/wp-json\/wp\/v2\/categories?post=3369"},{"taxonomy":"post_tag","embeddable":true,"href":"https:\/\/blog.caritas.barcelona\/es\/wp-json\/wp\/v2\/tags?post=3369"},{"taxonomy":"autor","embeddable":true,"href":"https:\/\/blog.caritas.barcelona\/es\/wp-json\/wp\/v2\/autor?post=3369"}],"curies":[{"name":"wp","href":"https:\/\/api.w.org\/{rel}","templated":true}]}}