{"id":3358,"date":"2017-05-03T00:00:00","date_gmt":"2017-05-02T22:00:00","guid":{"rendered":"https:\/\/blog.caritas.barcelona\/acogida-y-acompanamiento\/caritas-ecuador-elogia-la-solidaridad-horizontal-que-ha-movilizado-a-todo-el-pais-para-responder-a-los-damnificados\/"},"modified":"2017-07-27T13:28:47","modified_gmt":"2017-07-27T11:28:47","slug":"caritas-ecuador-elogia-la-solidaridad-horizontal-que-ha-movilizado-a-todo-el-pais-para-responder-a-los-damnificados","status":"publish","type":"post","link":"https:\/\/blog.caritas.barcelona\/es\/institucional-es\/caritas-ecuador-elogia-la-solidaridad-horizontal-que-ha-movilizado-a-todo-el-pais-para-responder-a-los-damnificados\/","title":{"rendered":"C\u00e1ritas Ecuador elogia la \u00absolidaridad horizontal\u00bb que ha movilizado a todo el pa\u00eds para responder a los damnificados"},"content":{"rendered":"<p>La red C\u00e1ritas prepara un amplio plan de reconstrucci\u00f3n en cuatro ejes: ayuda alimentaria y recuperaci\u00f3n de medios de vida, rehabilitaci\u00f3n de viviendas, acompa\u00f1amiento psicosocial y fortalecimiento comunitario<\/p>\n<p>&nbsp;<\/p>\n<p><img loading=\"lazy\" decoding=\"async\" class=\"alignnone size-full wp-image-3027\" src=\"https:\/\/blog.caritas.barcelona\/wp-content\/uploads\/sites\/2\/2017\/07\/TERREMOTO_ECUADOR-1.jpg\" alt=\"\" width=\"1000\" height=\"573\" srcset=\"https:\/\/blog.caritas.barcelona\/wp-content\/uploads\/sites\/2\/2017\/07\/TERREMOTO_ECUADOR-1.jpg 1000w, https:\/\/blog.caritas.barcelona\/wp-content\/uploads\/sites\/2\/2017\/07\/TERREMOTO_ECUADOR-1-300x172.jpg 300w, https:\/\/blog.caritas.barcelona\/wp-content\/uploads\/sites\/2\/2017\/07\/TERREMOTO_ECUADOR-1-768x440.jpg 768w, https:\/\/blog.caritas.barcelona\/wp-content\/uploads\/sites\/2\/2017\/07\/TERREMOTO_ECUADOR-1-600x344.jpg 600w\" sizes=\"auto, (max-width: 1000px) 100vw, 1000px\" \/><\/p>\n<p>&nbsp;<\/p>\n<p>El pueblo ecuatoriano y la red C\u00e1ritas en Ecuador siguen apoyando las necesidades de los miles de damnificados por el terremoto del pasado 16 de abril con el almacenamiento y distribuci\u00f3n de kits de aseo, alimentos de primera necesidad y ayuda m\u00e9dica. Una de las mayores prioridades de las C\u00e1ritas locales es la de acceder a las \u00e1reas m\u00e1s alejadas y que todav\u00eda no han recibido ayuda humanitaria.<\/p>\n<p><strong>Solidaridad horizontal<\/strong><br \/>\nEn todo el pa\u00eds se ha llevado a cabo una movilizaci\u00f3n solidaria de toda la base social de Iglesia a favor de los damnificados, gracias a la cual las parroquias se han convertido en centros de acopio y entrega de materiales de emergencia.<\/p>\n<p>Alfredo de la Fuente, uno de los responsables del plan de respuesta a la emergencia de C\u00e1ritas Ecuador, ha agradecido desde Manab\u00ed, una de las provincias m\u00e1s golpeadas, lo que denomina \u201csolidaridad horizontal\u201d, en referencia a c\u00f3mo \u201che visto renacer la solidaridad pueblo a pueblo, ha sido hermoso ver c\u00f3mo nos hemos unido y apoyado\u201d.<\/p>\n<p>Hasta el momento, el se\u00edsmo ha supuesto una p\u00e9rdida de 659 vidas humanas, junto a 42 desaparecidos y 4.605 personas heridas. En relaci\u00f3n a los da\u00f1os materiales, el n\u00famero de edificios total o parcialmente destruidos es de 1.724 mientras que 560 escuelas han quedado seriamente afectadas. Se estima que m\u00e1s de 500.000 personas necesitan ayuda alimentaria de emergencia y unos 30.000 damnificados est\u00e1n acogidos en albergues temporales.<\/p>\n<p><strong>Llamamiento de emergencia<\/strong><\/p>\n<p>Desde el jueves 21 de abril, un equipo de Caritas Ecuador y de expertos de la red internacional de C\u00e1ritas est\u00e1 llevando a cabo en las zonas siniestradas un estudio de da\u00f1os y necesidades con objeto de dise\u00f1ar una propuesta de llamamiento de emergencia (Emergency Appeal, EA) al conjunto de la red C\u00e1ritas (EA) para iniciar los planes de recuperaci\u00f3n integral de las zonas m\u00e1s afectadas de los cantones Muisne (en la provincia de Esmeralda) y Pedernales, Jama, Manta y Portoviejo (en la provincia Manab\u00ed).<\/p>\n<p>La propuesta preliminar del EA contempla una amplia bater\u00eda de acciones en cuatro ejes: planes de ayuda alimentaria y nutricional, obtenci\u00f3n de medios de vida, reconstrucci\u00f3n de vivienda, acompa\u00f1amiento psicol\u00f3gico y social, y fortalecimiento de capacidades comunitarias.<\/p>\n<p><strong>Respuesta de C\u00e1ritas Espa\u00f1ola<\/strong><\/p>\n<p>C\u00e1ritas Espa\u00f1ola, que ya ha enviado una partida inicial de 100.000 euros a C\u00e1ritas Ecuador, ha abierto una campa\u00f1a de solidaridad con los damnificados bajo el lema \u201cC\u00e1ritas con Ecuador\u201d, a la que es posible realizar aportaciones a trav\u00e9s de la cuenta de C\u00e1ritas Diocesana de Barcelona ES92 2100 5000 5902 0014 6575 (CAIXABANC)<\/p>\n","protected":false},"excerpt":{"rendered":"<p>La red C\u00e1ritas prepara un amplio plan de reconstrucci\u00f3n en cuatro ejes: ayuda alimentaria y recuperaci\u00f3n de medios de vida, rehabilitaci\u00f3n de viviendas, acompa\u00f1amiento psicosocial y fortalecimiento comunitario &nbsp; &nbsp; El pueblo ecuatoriano y la red C\u00e1ritas en Ecuador siguen apoyando las necesidades de los miles de damnificados por el terremoto del pasado 16 de [&hellip;]<\/p>\n","protected":false},"author":1,"featured_media":712,"comment_status":"open","ping_status":"open","sticky":false,"template":"","format":"standard","meta":{"footnotes":""},"categories":[21],"tags":[],"autor":[36],"class_list":["post-3358","post","type-post","status-publish","format-standard","has-post-thumbnail","hentry","category-institucional-es","autor-caritas-diocesana-de-barcelona-es"],"aioseo_notices":[],"_links":{"self":[{"href":"https:\/\/blog.caritas.barcelona\/es\/wp-json\/wp\/v2\/posts\/3358","targetHints":{"allow":["GET"]}}],"collection":[{"href":"https:\/\/blog.caritas.barcelona\/es\/wp-json\/wp\/v2\/posts"}],"about":[{"href":"https:\/\/blog.caritas.barcelona\/es\/wp-json\/wp\/v2\/types\/post"}],"author":[{"embeddable":true,"href":"https:\/\/blog.caritas.barcelona\/es\/wp-json\/wp\/v2\/users\/1"}],"replies":[{"embeddable":true,"href":"https:\/\/blog.caritas.barcelona\/es\/wp-json\/wp\/v2\/comments?post=3358"}],"version-history":[{"count":3,"href":"https:\/\/blog.caritas.barcelona\/es\/wp-json\/wp\/v2\/posts\/3358\/revisions"}],"predecessor-version":[{"id":5017,"href":"https:\/\/blog.caritas.barcelona\/es\/wp-json\/wp\/v2\/posts\/3358\/revisions\/5017"}],"wp:featuredmedia":[{"embeddable":true,"href":"https:\/\/blog.caritas.barcelona\/es\/wp-json\/wp\/v2\/media\/712"}],"wp:attachment":[{"href":"https:\/\/blog.caritas.barcelona\/es\/wp-json\/wp\/v2\/media?parent=3358"}],"wp:term":[{"taxonomy":"category","embeddable":true,"href":"https:\/\/blog.caritas.barcelona\/es\/wp-json\/wp\/v2\/categories?post=3358"},{"taxonomy":"post_tag","embeddable":true,"href":"https:\/\/blog.caritas.barcelona\/es\/wp-json\/wp\/v2\/tags?post=3358"},{"taxonomy":"autor","embeddable":true,"href":"https:\/\/blog.caritas.barcelona\/es\/wp-json\/wp\/v2\/autor?post=3358"}],"curies":[{"name":"wp","href":"https:\/\/api.w.org\/{rel}","templated":true}]}}