{"id":3357,"date":"2017-05-03T00:00:00","date_gmt":"2017-05-02T22:00:00","guid":{"rendered":"https:\/\/blog.caritas.barcelona\/acogida-y-acompanamiento\/el-centre-obert-de-torre-baro-recibe-la-visita-del-arzobispo-omella\/"},"modified":"2017-07-27T13:26:08","modified_gmt":"2017-07-27T11:26:08","slug":"el-centre-obert-de-torre-baro-recibe-la-visita-del-arzobispo-omella","status":"publish","type":"post","link":"https:\/\/blog.caritas.barcelona\/es\/familia-e-infancia\/el-centre-obert-de-torre-baro-recibe-la-visita-del-arzobispo-omella\/","title":{"rendered":"El Centre Obert de Torre Bar\u00f3 recibe la visita del Arzobispo Omella"},"content":{"rendered":"<p>El Arzobispo de Barcelona se re\u00fane con C\u00e1ritas Diocesana en el barrio de Ciutat Meridiana y Vallbona para conocer la realidad que rodea a los ni\u00f1os de la zona<\/p>\n<p>&nbsp;<\/p>\n<p><img loading=\"lazy\" decoding=\"async\" class=\"alignnone size-large wp-image-5010\" src=\"https:\/\/blog.caritas.barcelona\/wp-content\/uploads\/sites\/2\/2017\/05\/20160429_Omella_Torre_Bar\u00f3_@SergiCamara_C\u00e0ritas-3-1024x683.jpg\" alt=\"\" width=\"1024\" height=\"683\" \/><\/p>\n<p>&nbsp;<\/p>\n<p>El viernes 29 de abril, los ni\u00f1os y ni\u00f1as del Centro Abierto de Torre Bar\u00f3 recibieron la visita del Arzobispo Mons. Juan Jos\u00e9 Omella. El Centre Obert de Torre Bar\u00f3 gestionado por C\u00e1ritas Diocesana de Barcelona realiza actividades l\u00fadicas y formativas con los ni\u00f1os y ni\u00f1as del barrio que se encuentran en situaci\u00f3n de riesgo.<\/p>\n<p>La visita del arzobispo de Barcelona sirvi\u00f3 para mostrarle el trabajo que C\u00e1ritas lleva a cabo en uno de los distritos m\u00e1s humildes de la ciudad de Barcelona, y de esta manera conseguir una mayor implicaci\u00f3n del Arzobispado en la suma de esfuerzos para hacer frente a la problem\u00e1tica que rodea a los ni\u00f1os y j\u00f3venes que asisten.<\/p>\n<p>El director de C\u00e1ritas, Salvador Busquets y el jefe de Acci\u00f3n Social de la entidad, Eduard Sala aprovecharon la visita del Arzobispo para reunirse con \u00e9l. Busquets puso al Arzobispo en contexto, y le expuso el tipo de atenci\u00f3n y apoyo que se da a los ni\u00f1os del Centre. Algunas de estas actividades son el refuerzo escolar, h\u00e1bitos de estudio, relaci\u00f3n con el entorno, actividades l\u00fadicas, etc. Todo tipo de acciones b\u00e1sicas para ayudar al crecimiento de los ni\u00f1os y compensar las dificultades econ\u00f3micas, sociales y culturales que les ha llevado a la crisis econ\u00f3mica y el contexto en el que conviven.<\/p>\n<p>El Centre Obert, que actualmente acoge a 38 ni\u00f1os y ni\u00f1as de entre 6 y 14 a\u00f1os, naci\u00f3 en 1990 como una alternativa al internamiento de los ni\u00f1os en riesgo. A d\u00eda de hoy, la tarea de los educadores del centro vela por la evoluci\u00f3n en el proceso de escolarizaci\u00f3n de los ni\u00f1os, detectar posibles situaciones de riesgo, dar una atenci\u00f3n personalizada que ayude a su desarrollo y conseguir una mayor implicaci\u00f3n de las familias.<\/p>\n<p>&nbsp;<\/p>\n<p><img loading=\"lazy\" decoding=\"async\" class=\"alignnone size-large wp-image-5012\" src=\"https:\/\/blog.caritas.barcelona\/wp-content\/uploads\/sites\/2\/2017\/05\/20160429_Omella_Torre_Bar\u00f3_@SergiCamara_C\u00e0ritas-121-1024x683.jpg\" alt=\"\" width=\"1024\" height=\"683\" \/><\/p>\n<p>&nbsp;<\/p>\n<p><strong>Un &#8220;huerto&#8221; en crecimiento<\/strong><\/p>\n<p>Tras conocer algunas de las problem\u00e1ticas, los ni\u00f1os pudieron conversar con el Arzobispo. Entre saludo y saludo, Omella visit\u00f3 las instalaciones del centro: cocina, comedor, aulas de estudio, de lectura y de otras m\u00e1s l\u00fadicas habilitadas con un supermercado propio. Tambi\u00e9n el jard\u00edn, con un huerto que crece d\u00eda a d\u00eda con la paciencia y la perseverancia que los ni\u00f1os ponen reg\u00e1ndolo y cuid\u00e1ndolo. Con su talante llano, Omella agradeci\u00f3 a los educadores su perseverancia, dedicaci\u00f3n e implicaci\u00f3n, pues son valores esenciales para el desarrollo y futuro de estos peque\u00f1os.<\/p>\n","protected":false},"excerpt":{"rendered":"<p>El Arzobispo de Barcelona se re\u00fane con C\u00e1ritas Diocesana en el barrio de Ciutat Meridiana y Vallbona para conocer la realidad que rodea a los ni\u00f1os de la zona &nbsp; &nbsp; El viernes 29 de abril, los ni\u00f1os y ni\u00f1as del Centro Abierto de Torre Bar\u00f3 recibieron la visita del Arzobispo Mons. Juan Jos\u00e9 Omella. [&hellip;]<\/p>\n","protected":false},"author":1,"featured_media":3896,"comment_status":"open","ping_status":"open","sticky":false,"template":"","format":"standard","meta":{"footnotes":""},"categories":[28],"tags":[],"autor":[36],"class_list":["post-3357","post","type-post","status-publish","format-standard","has-post-thumbnail","hentry","category-familia-e-infancia","autor-caritas-diocesana-de-barcelona-es"],"aioseo_notices":[],"_links":{"self":[{"href":"https:\/\/blog.caritas.barcelona\/es\/wp-json\/wp\/v2\/posts\/3357","targetHints":{"allow":["GET"]}}],"collection":[{"href":"https:\/\/blog.caritas.barcelona\/es\/wp-json\/wp\/v2\/posts"}],"about":[{"href":"https:\/\/blog.caritas.barcelona\/es\/wp-json\/wp\/v2\/types\/post"}],"author":[{"embeddable":true,"href":"https:\/\/blog.caritas.barcelona\/es\/wp-json\/wp\/v2\/users\/1"}],"replies":[{"embeddable":true,"href":"https:\/\/blog.caritas.barcelona\/es\/wp-json\/wp\/v2\/comments?post=3357"}],"version-history":[{"count":5,"href":"https:\/\/blog.caritas.barcelona\/es\/wp-json\/wp\/v2\/posts\/3357\/revisions"}],"predecessor-version":[{"id":5014,"href":"https:\/\/blog.caritas.barcelona\/es\/wp-json\/wp\/v2\/posts\/3357\/revisions\/5014"}],"wp:featuredmedia":[{"embeddable":true,"href":"https:\/\/blog.caritas.barcelona\/es\/wp-json\/wp\/v2\/media\/3896"}],"wp:attachment":[{"href":"https:\/\/blog.caritas.barcelona\/es\/wp-json\/wp\/v2\/media?parent=3357"}],"wp:term":[{"taxonomy":"category","embeddable":true,"href":"https:\/\/blog.caritas.barcelona\/es\/wp-json\/wp\/v2\/categories?post=3357"},{"taxonomy":"post_tag","embeddable":true,"href":"https:\/\/blog.caritas.barcelona\/es\/wp-json\/wp\/v2\/tags?post=3357"},{"taxonomy":"autor","embeddable":true,"href":"https:\/\/blog.caritas.barcelona\/es\/wp-json\/wp\/v2\/autor?post=3357"}],"curies":[{"name":"wp","href":"https:\/\/api.w.org\/{rel}","templated":true}]}}