{"id":3345,"date":"2017-03-23T00:00:00","date_gmt":"2017-03-22T23:00:00","guid":{"rendered":"https:\/\/blog.caritas.barcelona\/acogida-y-acompanamiento\/hacer-frente-a-la-soledad\/"},"modified":"2017-07-28T14:12:56","modified_gmt":"2017-07-28T12:12:56","slug":"hacer-frente-a-la-soledad","status":"publish","type":"post","link":"https:\/\/blog.caritas.barcelona\/es\/personas-mayores\/hacer-frente-a-la-soledad\/","title":{"rendered":"Hacer frente a la soledad"},"content":{"rendered":"<p>Desde finales del a\u00f1o pasado, Premi\u00e0 de Mar cuenta con el proyecto Resivol de C\u00e1ritas Diocesana de Barcelona, un voluntariado que consiste en acompa\u00f1ar a personas mayores que viven solas en residencias<\/p>\n<p>&nbsp;<\/p>\n<p><img loading=\"lazy\" decoding=\"async\" class=\"alignnone size-large wp-image-5072\" src=\"https:\/\/blog.caritas.barcelona\/wp-content\/uploads\/sites\/2\/2017\/03\/20170321_RESIVOL_PREMI\u00c0_DE_MAR-19-s-1024x683.jpg\" alt=\"\" width=\"1024\" height=\"683\" \/><\/p>\n<p>&nbsp;<\/p>\n<p>Natalia y N\u00faria son voluntarias de la C\u00e1ritas Parroquial de Premi\u00e0 de Mar, y cada martes hacen compa\u00f1\u00eda a Pepe e Isabel, dos personas mayores del Casal Ben\u00e8fic Premiarenc.<\/p>\n<p>N\u00faria lleva m\u00e1s de veinte a\u00f1os vinculada a la C\u00e1ritas Parroquial de Sant Crist\u00f2fol de Premi\u00e0 de Mar. &#8220;Me inici\u00e9 como voluntaria del proyecto Resivol a finales del a\u00f1o pasado. Antes dedicaba mi tiempo a repartir alimentos&#8221;, explica. N\u00faria visita a Isabel una vez por semana durante dos horas y afirma ser muy privilegiada de compartir ratos agradables con ella.<\/p>\n<p>La sonrisa de Isabel lo dice todo. &#8220;N\u00faria es una compa\u00f1era muy bonita&#8221;, expresa. Durante las visitas semanales, N\u00faria e Isabel hablan de la vida, ordenan cosas y confiesan que &#8220;a veces comemos chocolate&#8221;, dicen entre risas. Isabel es hija \u00fanica, y desgraciadamente no tiene familia cercana que pueda visitarla. Su madre era modista, y ella se dedic\u00f3 al oficio toda la vida. &#8220;En el pueblo me dec\u00edan que yo era la mejor, y lo cierto es que aprend\u00ed costura en una casa de moda de Barcelona&#8221;, relata Isabel. La soledad es una problem\u00e1tica muy extensa en los ancianos, y de ah\u00ed que el voluntariado de N\u00faria sea tan importante.<\/p>\n<p>Despu\u00e9s de hablar con la Isabel, hablamos con Pepe, un se\u00f1or de 92 a\u00f1os que tambi\u00e9n vive en el Casal Ben\u00e8fic Premiarenc y que tiene como voluntaria a Natalia.<\/p>\n<p>&#8220;Me alegra mucho que Natalia venga cada semana, su compa\u00f1\u00eda es una maravilla&#8221;, nos cuenta. Pepe es de Almer\u00eda, y vino de joven a trabajar en Badalona. &#8220;Dediqu\u00e9 toda mi vida a reparar e instalar calderas. He recorrido toda Espa\u00f1a y Europa, ya que en casa \u00e9ramos tres y hab\u00eda que tirar adelante\u201d.<\/p>\n<p>A diferencia de Isabel, Pepe tiene una hija, pero por motivos de salud a ella se le hace dif\u00edcil poderlo visitar. Por eso Pepe recibe la visita semanal de Natalia y, entre otras cosas, pasean. &#8220;Pasear hasta el parque es muy bonito, un d\u00eda fuimos lloviendo&#8221;, nos relata en Pepe.<\/p>\n<p>Cuando preguntamos a Pepe e Isabel sobre la compa\u00f1\u00eda de las voluntarias de C\u00e1ritas coinciden en decirnos que est\u00e1n muy contentos y agradecidos. &#8220;Estas dos voluntarias me quieren, y con 92 a\u00f1os es una de las cosas m\u00e1s bonitas que puedo decirle&#8221;, cuenta emocionado Pepe. Las voluntarias afirman que la estimaci\u00f3n es mutua, y que han tenido mucha suerte con Pepe e Isabel. &#8220;Son muy amables y afables, disfrutamos mucho con los ratos de compa\u00f1\u00eda&#8221;, dice Nuria.<\/p>\n<p>&nbsp;<\/p>\n<p><img loading=\"lazy\" decoding=\"async\" class=\"alignnone size-full wp-image-2156\" src=\"https:\/\/blog.caritas.barcelona\/wp-content\/uploads\/sites\/2\/2017\/07\/fotopremia-2.jpg\" alt=\"Caritas-Blog-Personas mayores\" width=\"1000\" height=\"667\" srcset=\"https:\/\/blog.caritas.barcelona\/wp-content\/uploads\/sites\/2\/2017\/07\/fotopremia-2.jpg 1000w, https:\/\/blog.caritas.barcelona\/wp-content\/uploads\/sites\/2\/2017\/07\/fotopremia-2-300x200.jpg 300w, https:\/\/blog.caritas.barcelona\/wp-content\/uploads\/sites\/2\/2017\/07\/fotopremia-2-768x512.jpg 768w, https:\/\/blog.caritas.barcelona\/wp-content\/uploads\/sites\/2\/2017\/07\/fotopremia-2-600x400.jpg 600w\" sizes=\"auto, (max-width: 1000px) 100vw, 1000px\" \/><\/p>\n<p>&nbsp;<\/p>\n<p>Cuando preguntamos al rector de la parroquia de Sant Crist\u00f2fol de Premi\u00e0 de Mar sobre el voluntariado de C\u00e1ritas en el pueblo, nos indica que una de las funciones de la Iglesia es responder a las necesidades sociales de cada municipio. &#8220;La acci\u00f3n de C\u00e1ritas siempre ser\u00e1 necesaria -dice-, y gracias a los casi veinte voluntarios de la parroquia hacemos una gran labor&#8221;, concluye mos\u00e9n Gimeno.<\/p>\n","protected":false},"excerpt":{"rendered":"<p>Desde finales del a\u00f1o pasado, Premi\u00e0 de Mar cuenta con el proyecto Resivol de C\u00e1ritas Diocesana de Barcelona, un voluntariado que consiste en acompa\u00f1ar a personas mayores que viven solas en residencias &nbsp; &nbsp; Natalia y N\u00faria son voluntarias de la C\u00e1ritas Parroquial de Premi\u00e0 de Mar, y cada martes hacen compa\u00f1\u00eda a Pepe e [&hellip;]<\/p>\n","protected":false},"author":1,"featured_media":700,"comment_status":"open","ping_status":"open","sticky":false,"template":"","format":"standard","meta":{"footnotes":""},"categories":[26],"tags":[],"autor":[36],"class_list":["post-3345","post","type-post","status-publish","format-standard","has-post-thumbnail","hentry","category-personas-mayores","autor-caritas-diocesana-de-barcelona-es"],"aioseo_notices":[],"_links":{"self":[{"href":"https:\/\/blog.caritas.barcelona\/es\/wp-json\/wp\/v2\/posts\/3345","targetHints":{"allow":["GET"]}}],"collection":[{"href":"https:\/\/blog.caritas.barcelona\/es\/wp-json\/wp\/v2\/posts"}],"about":[{"href":"https:\/\/blog.caritas.barcelona\/es\/wp-json\/wp\/v2\/types\/post"}],"author":[{"embeddable":true,"href":"https:\/\/blog.caritas.barcelona\/es\/wp-json\/wp\/v2\/users\/1"}],"replies":[{"embeddable":true,"href":"https:\/\/blog.caritas.barcelona\/es\/wp-json\/wp\/v2\/comments?post=3345"}],"version-history":[{"count":4,"href":"https:\/\/blog.caritas.barcelona\/es\/wp-json\/wp\/v2\/posts\/3345\/revisions"}],"predecessor-version":[{"id":5074,"href":"https:\/\/blog.caritas.barcelona\/es\/wp-json\/wp\/v2\/posts\/3345\/revisions\/5074"}],"wp:featuredmedia":[{"embeddable":true,"href":"https:\/\/blog.caritas.barcelona\/es\/wp-json\/wp\/v2\/media\/700"}],"wp:attachment":[{"href":"https:\/\/blog.caritas.barcelona\/es\/wp-json\/wp\/v2\/media?parent=3345"}],"wp:term":[{"taxonomy":"category","embeddable":true,"href":"https:\/\/blog.caritas.barcelona\/es\/wp-json\/wp\/v2\/categories?post=3345"},{"taxonomy":"post_tag","embeddable":true,"href":"https:\/\/blog.caritas.barcelona\/es\/wp-json\/wp\/v2\/tags?post=3345"},{"taxonomy":"autor","embeddable":true,"href":"https:\/\/blog.caritas.barcelona\/es\/wp-json\/wp\/v2\/autor?post=3345"}],"curies":[{"name":"wp","href":"https:\/\/api.w.org\/{rel}","templated":true}]}}