{"id":3324,"date":"2023-05-10T00:00:00","date_gmt":"2023-05-09T22:00:00","guid":{"rendered":"https:\/\/blog.caritas.barcelona\/acogida-y-acompanamiento\/las-vivencias-de-almeda\/"},"modified":"2024-02-15T14:40:39","modified_gmt":"2024-02-15T13:40:39","slug":"las-vivencias-de-almeda","status":"publish","type":"post","link":"https:\/\/blog.caritas.barcelona\/es\/personas-mayores\/las-vivencias-de-almeda\/","title":{"rendered":"Las vivencias de Almeda"},"content":{"rendered":"<p>Las Viviendas Tuteladas para personas mayores Almeda son un equipamiento de C\u00e1ritas Diocesana de Barcelona situado en Cornell\u00e0.<\/p>\n<p>Inaugurados en 1999, los 19 apartamentos de Almeda ofrecen privacidad y autonom\u00eda a las personas mayores que acogemos y acompa\u00f1amos desde C\u00e1ritas Diocesana de Barcelona. Os damos la bienvenida a Almeda de la mano de sus vecinos y vecinas que muy amablemente nos han abierto las puertas de su casa. \u00a1Sed muy bienvenidos!<\/p>\n<p><strong>&#8220;Me defino como una persona muy viva&#8221;<\/strong><\/p>\n<p><img loading=\"lazy\" decoding=\"async\" class=\"size-full wp-image-5866 aligncenter\" src=\"https:\/\/blog.caritas.barcelona\/wp-content\/uploads\/sites\/2\/2017\/02\/20170502_Almeda_gentgran_altaRESOLUC-10.jpg\" alt=\"La Isabel viu a l'Almeda de C\u00e0ritas amb 90 anys\" width=\"768\" height=\"512\" srcset=\"https:\/\/blog.caritas.barcelona\/wp-content\/uploads\/sites\/2\/2017\/02\/20170502_Almeda_gentgran_altaRESOLUC-10.jpg 768w, https:\/\/blog.caritas.barcelona\/wp-content\/uploads\/sites\/2\/2017\/02\/20170502_Almeda_gentgran_altaRESOLUC-10-300x200.jpg 300w, https:\/\/blog.caritas.barcelona\/wp-content\/uploads\/sites\/2\/2017\/02\/20170502_Almeda_gentgran_altaRESOLUC-10-600x400.jpg 600w\" sizes=\"auto, (max-width: 768px) 100vw, 768px\" \/><\/p>\n<p>Isabel es una de las residentes m\u00e1s antiguas de Almeda. Hace 18 a\u00f1os que vive aqu\u00ed, y a sus 89 a\u00f1os se mantiene muy activa. &#8220;Adoro esta casa, desde 1999 que vivo en ella y no la cambiar\u00eda por nada del mundo&#8221; nos indica. Al llegar, nos muestra las diferentes partes del apartamento. &#8220;Cuando vine a vivir aqu\u00ed la habitaci\u00f3n era toda blanca, parec\u00eda un hospital -explica- ahora ya es otra cosa.&#8221; Lo cierto es que Isabel tiene un apartamento con mucho &#8220;sabor&#8221; y ligado a sus aficiones, gustos y deseos. Mostr\u00e1ndonos varias estampas de la Semana Santa de Huelva, nos cuenta que es una persona muy religiosa y que nunca para quieta. &#8220;Estoy muy acostumbrada a moverme, me gusta hacer de todo y me defino como una persona muy viva&#8221;. Tanto es as\u00ed que Isabel coge el Ferrocarril cada d\u00eda para ir a comer con su hija. &#8220;Ayudo a mi hija en todo lo que puedo. A pesar de mis limitaciones, intento pasar el tiempo con las nietas y la familia &#8220;explica.<\/p>\n<p>Al preguntarle sobre su d\u00eda a d\u00eda en Almeda, nos cuenta que aqu\u00ed &#8220;no dependo de nadie&#8221;. Afirma no tener mucha relaci\u00f3n con el resto de vecinos de Almeda, pero que la convivencia es buena y que hay buen ambiente.<\/p>\n<p>Al despedirnos de Isabel, nos muestra una planta de la fortuna. &#8220;Dicen que con esta planta se gana dinero en abundancia, pero por ahora todav\u00eda no ha habido suerte&#8221; dice sonriendo.<\/p>\n<p><strong>&#8220;En C\u00e1ritas les expliqu\u00e9 mi situaci\u00f3n y me escucharon&#8221;<\/strong><\/p>\n<p><img loading=\"lazy\" decoding=\"async\" class=\"size-full wp-image-5864 aligncenter\" src=\"https:\/\/blog.caritas.barcelona\/wp-content\/uploads\/sites\/2\/2017\/02\/20170208_Almeda_persones-1.jpg\" alt=\"Mar\u00eda Isabel vive en Almeda de C\u00e0ritas\" width=\"768\" height=\"694\" srcset=\"https:\/\/blog.caritas.barcelona\/wp-content\/uploads\/sites\/2\/2017\/02\/20170208_Almeda_persones-1.jpg 768w, https:\/\/blog.caritas.barcelona\/wp-content\/uploads\/sites\/2\/2017\/02\/20170208_Almeda_persones-1-300x271.jpg 300w, https:\/\/blog.caritas.barcelona\/wp-content\/uploads\/sites\/2\/2017\/02\/20170208_Almeda_persones-1-600x542.jpg 600w\" sizes=\"auto, (max-width: 768px) 100vw, 768px\" \/><\/p>\n<p>Mar\u00eda Elisa es colombiana y hace unos quince a\u00f1os que lleg\u00f3 a Barcelona. &#8220;Vine para echar una mano a mis hijas. Ellas vinieron por trabajo y poco despu\u00e9s vine yo para ayudarlas&#8221; nos cuenta. Al llegar a Barcelona, Maria Elisa trabaj\u00f3 en tareas relacionadas con el cuidado del hogar. A pesar de tener trabajo, el dinero no era suficiente para permitirse un lugar donde dormir, y en muchos casos pernoctaba en las casas donde realizaba la limpieza. Al cabo de un tiempo de vivir en esta situaci\u00f3n, una se\u00f1ora le indic\u00f3 que fuera a C\u00e1ritas, que all\u00ed le ayudar\u00edan. &#8220;En C\u00e1ritas les expliqu\u00e9 mi situaci\u00f3n y me escucharon. Tras conocer mi caso, me ofrecieron un piso donde vivir con mi familia&#8221; expone.<\/p>\n<p>Desde ese momento, Mar\u00eda Elisa fue encontrando trabajos gracias a C\u00e1ritas y, a la vez, contaba con un hogar donde vivir. &#8220;Cuando fui mayor, C\u00e1ritas me ayud\u00f3 a tramitar la pensi\u00f3n, y al estar jubilada y sin necesidad de hacerme cargo de mis hijas, hace unos tres a\u00f1os que vivo en Almeda&#8221;.<\/p>\n<p>A Maria Elisa le gusta mucho la cocina colombiana y la costura. &#8220;Por aqu\u00ed pasan paisanos colombianos que vienen a probar mis platos. Parece que soy una gran cocinera, y con tres euros tengo m\u00e1s que suficiente para cocinar durante tres d\u00edas&#8221; explica riendo. Mar\u00eda Elisa colabora con los vecinos de Almeda e intenta ayudarles en todo lo que puede. Adem\u00e1s, gracias a la colaboraci\u00f3n del Club amb Cor &#8220;Duet Sports La Plana&#8221; Mar\u00eda Elena asiste al gimnasio todos los d\u00edas de manera gratuita. &#8220;La posibilidad de ir al gimnasio cada d\u00eda me mantiene en forma, es una maravilla&#8221; afirma.<\/p>\n","protected":false},"excerpt":{"rendered":"<p>Las Viviendas Tuteladas para personas mayores Almeda son un equipamiento de C\u00e1ritas Diocesana de Barcelona situado en Cornell\u00e0. Inaugurados en 1999, los 19 apartamentos de Almeda ofrecen privacidad y autonom\u00eda a las personas mayores que acogemos y acompa\u00f1amos desde C\u00e1ritas Diocesana de Barcelona. Os damos la bienvenida a Almeda de la mano de sus vecinos [&hellip;]<\/p>\n","protected":false},"author":1,"featured_media":680,"comment_status":"closed","ping_status":"closed","sticky":false,"template":"","format":"standard","meta":{"footnotes":""},"categories":[26],"tags":[],"autor":[36,1212],"class_list":["post-3324","post","type-post","status-publish","format-standard","has-post-thumbnail","hentry","category-personas-mayores","autor-caritas-diocesana-de-barcelona-es","autor-jordi-julia-es"],"aioseo_notices":[],"_links":{"self":[{"href":"https:\/\/blog.caritas.barcelona\/es\/wp-json\/wp\/v2\/posts\/3324","targetHints":{"allow":["GET"]}}],"collection":[{"href":"https:\/\/blog.caritas.barcelona\/es\/wp-json\/wp\/v2\/posts"}],"about":[{"href":"https:\/\/blog.caritas.barcelona\/es\/wp-json\/wp\/v2\/types\/post"}],"author":[{"embeddable":true,"href":"https:\/\/blog.caritas.barcelona\/es\/wp-json\/wp\/v2\/users\/1"}],"replies":[{"embeddable":true,"href":"https:\/\/blog.caritas.barcelona\/es\/wp-json\/wp\/v2\/comments?post=3324"}],"version-history":[{"count":4,"href":"https:\/\/blog.caritas.barcelona\/es\/wp-json\/wp\/v2\/posts\/3324\/revisions"}],"predecessor-version":[{"id":5869,"href":"https:\/\/blog.caritas.barcelona\/es\/wp-json\/wp\/v2\/posts\/3324\/revisions\/5869"}],"wp:featuredmedia":[{"embeddable":true,"href":"https:\/\/blog.caritas.barcelona\/es\/wp-json\/wp\/v2\/media\/680"}],"wp:attachment":[{"href":"https:\/\/blog.caritas.barcelona\/es\/wp-json\/wp\/v2\/media?parent=3324"}],"wp:term":[{"taxonomy":"category","embeddable":true,"href":"https:\/\/blog.caritas.barcelona\/es\/wp-json\/wp\/v2\/categories?post=3324"},{"taxonomy":"post_tag","embeddable":true,"href":"https:\/\/blog.caritas.barcelona\/es\/wp-json\/wp\/v2\/tags?post=3324"},{"taxonomy":"autor","embeddable":true,"href":"https:\/\/blog.caritas.barcelona\/es\/wp-json\/wp\/v2\/autor?post=3324"}],"curies":[{"name":"wp","href":"https:\/\/api.w.org\/{rel}","templated":true}]}}