{"id":3314,"date":"2017-01-17T00:00:00","date_gmt":"2017-01-16T23:00:00","guid":{"rendered":"https:\/\/blog.caritas.barcelona\/acogida-y-acompanamiento\/begona-roman-para-ser-voluntario-y-cuidar-de-los-demas-tienes-que-cuidarte-primero-a-ti-mismo\/"},"modified":"2017-07-10T15:22:04","modified_gmt":"2017-07-10T13:22:04","slug":"begona-roman-para-ser-voluntario-y-cuidar-de-los-demas-tienes-que-cuidarte-primero-a-ti-mismo","status":"publish","type":"post","link":"https:\/\/blog.caritas.barcelona\/es\/voluntariado\/begona-roman-para-ser-voluntario-y-cuidar-de-los-demas-tienes-que-cuidarte-primero-a-ti-mismo\/","title":{"rendered":"Bego\u00f1a Rom\u00e1n: &#8220;Para ser voluntario y cuidar de los dem\u00e1s, tienes que cuidarte primero a ti mismo&#8221;"},"content":{"rendered":"<p>La experta en \u00e9tica aplicada aport\u00f3 diferentes pautas para vivir el voluntariado con intensidad sin caer en la heroicidad o el paternalismo<\/p>\n<p>Con un reto bien grande &#8211; &#8220;transformar la manera de hacer voluntariado a partir de unas pautas \u00e9ticas&#8221; &#8211; comenzaba la cuarta charla del ciclo de reflexiones en torno a la figura del Voluntariado, que esta vez iba a cargo de la profesora Bego\u00f1a Rom\u00e1n, doctora en filosof\u00eda y experta en \u00e9tica aplicada a entornos profesionales y organizativos. Bajo el t\u00edtulo &#8220;El cuidado de los dem\u00e1s y de uno mismo&#8221;, Rom\u00e1n parti\u00f3 de la distinci\u00f3n entre \u00e9tica -es pensada y responde a &#8216;por qu\u00e9 act\u00fao as\u00ed&#8217;- y moral -es vivida: &#8220;Pensad que el nivel moral de un pa\u00eds es proporcional a la calidad y cantidad de su voluntariado&#8221;.<\/p>\n<p>Y es que, seg\u00fan la fil\u00f3sofa, ser voluntario es m\u00e1s que hacer un voluntariado ya que nos define como personas porque, al fin y al cabo, una persona es lo que hace. As\u00ed que ser voluntario significa tener clara la convicci\u00f3n de la propia persona. Bego\u00f1a Rom\u00e1n admiti\u00f3 que, a veces, es imposible no confrontarse con situaciones que hagan tambalear al voluntario y a su moral. Y, ante esta situaci\u00f3n, aconsej\u00f3 &#8220;ser responsables con nuestra labor. No basta con tener buena voluntad y sentido com\u00fan, debemos tener conocimientos de qui\u00e9n soy y por qu\u00e9 hago voluntariado. Y, por ello, necesit\u00e1is formaci\u00f3n en diferentes \u00e1mbitos&#8221;.<\/p>\n<p><strong>Dependencia vs. autonom\u00eda<\/strong><\/p>\n<p>As\u00ed, la responsabilidad \u00e9tica se convierte en el cuidado de algo fr\u00e1gil, vulnerable, sin crear una situaci\u00f3n de asimetr\u00eda o superioridad entre voluntario y persona que se ayuda. &#8220;Nuestra sociedad ha convertido en vergonzosa la dependencia&#8221;, expresaba la experta en \u00e9tica aplicada, que argumentaba que la responsabilidad \u00e9tica pone en el centro la fragilidad, la vulnerabilidad, la dependencia pero no la autonom\u00eda. Y es que, seg\u00fan ella, la sociedad actual convierte la dependencia en una carga y lo deja en manos del estado del Bienestar &#8220;pero cuando \u00e9ste est\u00e1 en crisis, es cuando entran las entidades de beneficencia, cuando se trabaja desde la caridad&#8221;.<\/p>\n<p>La \u00e9tica de la responsabilidad se basa en un equilibrio entre la dependencia y la autonom\u00eda ya que no se trata de reducir a caridad una cuesti\u00f3n de justicia como es atender a los m\u00e1s necesitados. En este punto, Rom\u00e1n pidi\u00f3 un cambio de modelo social que se una, no s\u00f3lo para ir &#8220;en contra&#8221; de algo, sino para ir &#8220;a favor&#8221; porque actualmente &#8220;nos dispersamos en microcausas&#8221;.<\/p>\n<p><strong>\u00c9ticas y riesgos<\/strong><\/p>\n<p>Hay cuatro tipos de \u00e9tica en el juego del voluntariado: la personal, aquella del \u00e1mbito \u00edntimo; la p\u00fablica o c\u00edvica, la convivencia con los dem\u00e1s basada en la dignidad; la profesional, en la que &#8220;la calidad del servicio tiene que ver con la calidad del cerebro&#8221;; y la organizativa o ir en nombre de una instituci\u00f3n con una responsabilidad y un compromiso.<\/p>\n<p>&#8220;Ser voluntario es un trabajo de riesgo&#8221;, procedi\u00f3 Bego\u00f1a Roman. En este sentido, se debe tener cuidado con situaciones de paternalismo (&#8220;Lo tratar\u00e9 como a mi hijo&#8221;) porque hace m\u00e1s vulnerable a las personas fr\u00e1giles. Tampoco se pueden evadir o disolver responsabilidades (&#8220;Yo de eso no me ocupo&#8221;) o caer en el familismo (&#8220;\u00bfPor qu\u00e9 no le ayuda a su familia?&#8221;). Hay situaciones complejas en las que no se puede dar nada por supuesto.<\/p>\n<p>Los voluntarios, por tanto, deben tener cuidado de los dem\u00e1s pero tambi\u00e9n de ellos mismos: &#8220;Uno no puede dar lo que no tiene y no puede cuidar si no se sabe cuidar a s\u00ed mismo&#8221;, a\u00f1adi\u00f3 la fil\u00f3sofa. Con respeto, cercan\u00eda, humildad, inteligencia, conocimiento personal y formaci\u00f3n se puede llegar a estar preparado para acompa\u00f1ar a los m\u00e1s fr\u00e1giles. Porque, en definitiva, &#8220;el voluntariado no es entretenimiento, es compromiso y eso es saber el porqu\u00e9 lo hago&#8221;.<\/p>\n","protected":false},"excerpt":{"rendered":"<p>La experta en \u00e9tica aplicada aport\u00f3 diferentes pautas para vivir el voluntariado con intensidad sin caer en la heroicidad o el paternalismo Con un reto bien grande &#8211; &#8220;transformar la manera de hacer voluntariado a partir de unas pautas \u00e9ticas&#8221; &#8211; comenzaba la cuarta charla del ciclo de reflexiones en torno a la figura del [&hellip;]<\/p>\n","protected":false},"author":1,"featured_media":670,"comment_status":"open","ping_status":"open","sticky":false,"template":"","format":"standard","meta":{"footnotes":""},"categories":[23],"tags":[],"autor":[36],"class_list":["post-3314","post","type-post","status-publish","format-standard","has-post-thumbnail","hentry","category-voluntariado","autor-caritas-diocesana-de-barcelona-es"],"aioseo_notices":[],"_links":{"self":[{"href":"https:\/\/blog.caritas.barcelona\/es\/wp-json\/wp\/v2\/posts\/3314","targetHints":{"allow":["GET"]}}],"collection":[{"href":"https:\/\/blog.caritas.barcelona\/es\/wp-json\/wp\/v2\/posts"}],"about":[{"href":"https:\/\/blog.caritas.barcelona\/es\/wp-json\/wp\/v2\/types\/post"}],"author":[{"embeddable":true,"href":"https:\/\/blog.caritas.barcelona\/es\/wp-json\/wp\/v2\/users\/1"}],"replies":[{"embeddable":true,"href":"https:\/\/blog.caritas.barcelona\/es\/wp-json\/wp\/v2\/comments?post=3314"}],"version-history":[{"count":2,"href":"https:\/\/blog.caritas.barcelona\/es\/wp-json\/wp\/v2\/posts\/3314\/revisions"}],"predecessor-version":[{"id":3643,"href":"https:\/\/blog.caritas.barcelona\/es\/wp-json\/wp\/v2\/posts\/3314\/revisions\/3643"}],"wp:featuredmedia":[{"embeddable":true,"href":"https:\/\/blog.caritas.barcelona\/es\/wp-json\/wp\/v2\/media\/670"}],"wp:attachment":[{"href":"https:\/\/blog.caritas.barcelona\/es\/wp-json\/wp\/v2\/media?parent=3314"}],"wp:term":[{"taxonomy":"category","embeddable":true,"href":"https:\/\/blog.caritas.barcelona\/es\/wp-json\/wp\/v2\/categories?post=3314"},{"taxonomy":"post_tag","embeddable":true,"href":"https:\/\/blog.caritas.barcelona\/es\/wp-json\/wp\/v2\/tags?post=3314"},{"taxonomy":"autor","embeddable":true,"href":"https:\/\/blog.caritas.barcelona\/es\/wp-json\/wp\/v2\/autor?post=3314"}],"curies":[{"name":"wp","href":"https:\/\/api.w.org\/{rel}","templated":true}]}}