{"id":3308,"date":"2017-01-17T00:00:00","date_gmt":"2017-01-16T23:00:00","guid":{"rendered":"https:\/\/blog.caritas.barcelona\/acogida-y-acompanamiento\/los-reyes-magos-llegan-a-glamparetes\/"},"modified":"2017-07-10T15:19:46","modified_gmt":"2017-07-10T13:19:46","slug":"los-reyes-magos-llegan-a-glamparetes","status":"publish","type":"post","link":"https:\/\/blog.caritas.barcelona\/es\/familia-e-infancia\/los-reyes-magos-llegan-a-glamparetes\/","title":{"rendered":"Los Reyes Magos llegan a Glamparetes"},"content":{"rendered":"<p>&#8220;\u00bfC\u00f3mo era el ni\u00f1o Jes\u00fas?&#8221;, &#8220;\u00bfCu\u00e1ntos a\u00f1os ten\u00e9is?&#8221;, &#8220;\u00bfC\u00f3mo ven\u00eds, en camellos o en Ferrari?&#8221; Estas son algunas de las ingeniosas preguntas que los ni\u00f1os y ni\u00f1as de Glamparetes hicieron durante la visita que recibieron los Reyes Magos.<\/p>\n<p>Situado en el barrio de la Barceloneta, Glamparetes es un proyecto de C\u00e1ritas Diocesana de Barcelona que ayuda a ni\u00f1os de 6 a 15 a\u00f1os en situaci\u00f3n de riesgo. El objetivo del proyecto es apoyar y potenciar el desarrollo de los ni\u00f1os y adolescentes a trav\u00e9s de la socializaci\u00f3n, la motivaci\u00f3n, el aprendizaje, la adquisici\u00f3n de h\u00e1bitos b\u00e1sicos y el crecimiento emocional. Los ni\u00f1os y ni\u00f1as que acogemos presentan diversas necesidades que requieren una atenci\u00f3n especial. Algunos son hijos de familias reci\u00e9n llegadas, de familias monoparentales, o se encuentran en situaci\u00f3n de acogida formal o informal. Por este motivo, necesitan un apoyo educativo continuado para poder superar las dificultades.<\/p>\n<p>La visita de los Reyes Magos fue recibida con mucha ilusi\u00f3n por parte de ni\u00f1os y educadores, pues los regalos que trajeron los Reyes iban destinados a mejorar las herramientas educativas y l\u00fadicas del centro. Agrupados por edades (peque\u00f1os, medianos y mayores), los ni\u00f1os y ni\u00f1as de Glamparetes fueron recogiendo los regalos que los Reyes les tra\u00edan desde Oriente. Con la ayuda de los pajes reales, los Reyes pudieron conversar con los ni\u00f1os y ni\u00f1as, pues hablan una lengua muy antigua y necesitaban la traducci\u00f3n constante para hacerse entender. En este caso, sin embargo, no fueron necesarias las palabras para captar la magia del momento en los ojos de los ni\u00f1os y ni\u00f1as.<\/p>\n<p>Gracias a las preguntas de los ni\u00f1os descubrimos que los Reyes no est\u00e1n casados, que les encanta fabricar juguetes, que Baltasar no lleva corona porque prefiere el turbante y que, adem\u00e1s, le gusta mucho el pollo.<\/p>\n<p>La visita de los Reyes fue posible gracias a la colaboraci\u00f3n del Hotel Arts, que tras m\u00e1s de diez a\u00f1os sigue colaborando activamente con C\u00e1ritas Diocesana de Barcelona ayud\u00e1ndonos en la organizaci\u00f3n de eventos por medio de caterings o prestando servicios de sus trabajadores. En esta ocasi\u00f3n, los mismos trabajadores del Hotel Arts fueron los que, voluntariamente, vinieron a repartir los regalos a los ni\u00f1os y ni\u00f1as de Glamparetes.<\/p>\n<p>Despu\u00e9s de repartir los regalos, los Reyes de Oriente se despidieron de los ni\u00f1os y ni\u00f1as de Glamparetes. Los ni\u00f1os abrazaron cari\u00f1osamente a los Reyes, indicando que esperaban verlos el pr\u00f3ximo a\u00f1o. &#8220;No quiero que se vayan, me caen bien&#8221; dijo uno de los ni\u00f1os.<\/p>\n<p>Esta es la magia de la Navidad, y en este caso la magia se produce gracias a tantas y tantas personas que colaboran de manera totalmente desinteresada con C\u00e1ritas Diocesana de Barcelona.<\/p>\n","protected":false},"excerpt":{"rendered":"<p>&#8220;\u00bfC\u00f3mo era el ni\u00f1o Jes\u00fas?&#8221;, &#8220;\u00bfCu\u00e1ntos a\u00f1os ten\u00e9is?&#8221;, &#8220;\u00bfC\u00f3mo ven\u00eds, en camellos o en Ferrari?&#8221; Estas son algunas de las ingeniosas preguntas que los ni\u00f1os y ni\u00f1as de Glamparetes hicieron durante la visita que recibieron los Reyes Magos. Situado en el barrio de la Barceloneta, Glamparetes es un proyecto de C\u00e1ritas Diocesana de Barcelona que [&hellip;]<\/p>\n","protected":false},"author":1,"featured_media":664,"comment_status":"open","ping_status":"open","sticky":false,"template":"","format":"standard","meta":{"footnotes":""},"categories":[28],"tags":[],"autor":[36],"class_list":["post-3308","post","type-post","status-publish","format-standard","has-post-thumbnail","hentry","category-familia-e-infancia","autor-caritas-diocesana-de-barcelona-es"],"aioseo_notices":[],"_links":{"self":[{"href":"https:\/\/blog.caritas.barcelona\/es\/wp-json\/wp\/v2\/posts\/3308","targetHints":{"allow":["GET"]}}],"collection":[{"href":"https:\/\/blog.caritas.barcelona\/es\/wp-json\/wp\/v2\/posts"}],"about":[{"href":"https:\/\/blog.caritas.barcelona\/es\/wp-json\/wp\/v2\/types\/post"}],"author":[{"embeddable":true,"href":"https:\/\/blog.caritas.barcelona\/es\/wp-json\/wp\/v2\/users\/1"}],"replies":[{"embeddable":true,"href":"https:\/\/blog.caritas.barcelona\/es\/wp-json\/wp\/v2\/comments?post=3308"}],"version-history":[{"count":2,"href":"https:\/\/blog.caritas.barcelona\/es\/wp-json\/wp\/v2\/posts\/3308\/revisions"}],"predecessor-version":[{"id":3634,"href":"https:\/\/blog.caritas.barcelona\/es\/wp-json\/wp\/v2\/posts\/3308\/revisions\/3634"}],"wp:featuredmedia":[{"embeddable":true,"href":"https:\/\/blog.caritas.barcelona\/es\/wp-json\/wp\/v2\/media\/664"}],"wp:attachment":[{"href":"https:\/\/blog.caritas.barcelona\/es\/wp-json\/wp\/v2\/media?parent=3308"}],"wp:term":[{"taxonomy":"category","embeddable":true,"href":"https:\/\/blog.caritas.barcelona\/es\/wp-json\/wp\/v2\/categories?post=3308"},{"taxonomy":"post_tag","embeddable":true,"href":"https:\/\/blog.caritas.barcelona\/es\/wp-json\/wp\/v2\/tags?post=3308"},{"taxonomy":"autor","embeddable":true,"href":"https:\/\/blog.caritas.barcelona\/es\/wp-json\/wp\/v2\/autor?post=3308"}],"curies":[{"name":"wp","href":"https:\/\/api.w.org\/{rel}","templated":true}]}}