{"id":3283,"date":"2016-11-10T00:00:00","date_gmt":"2016-11-09T23:00:00","guid":{"rendered":"https:\/\/blog.caritas.barcelona\/acogida-y-acompanamiento\/y-nosotros-que-podemos-hacer-por-los-sin-hogar\/"},"modified":"2017-07-10T15:24:18","modified_gmt":"2017-07-10T13:24:18","slug":"y-nosotros-que-podemos-hacer-por-los-sin-hogar","status":"publish","type":"post","link":"https:\/\/blog.caritas.barcelona\/es\/sin-hogar-y-vivienda\/y-nosotros-que-podemos-hacer-por-los-sin-hogar\/","title":{"rendered":"Y, nosotros, \u00bfqu\u00e9 podemos hacer por los sin hogar?"},"content":{"rendered":"<p>Casi 3.000 personas duermen en la calle cada noche. Juan y Marisa lo vivieron en primera persona y, ahora que ya han podido salir adelante, han hecho reflexionar a los voluntarios de C\u00e1ritas sobre la p\u00e9rdida de la dignidad en una nueva sesi\u00f3n del Ciclo de Reflexiones en torno al Voluntariado<\/p>\n<p>A menudo, tendemos a culpar o recriminar a las personas que pernoctan en la calle: &#8220;Si est\u00e1n ah\u00ed por algo ser\u00e1&#8221;. Pero las causas son muy diversas: desde problemas laborales hasta p\u00e9rdida de la relaci\u00f3n con la familia, pasando por sucesos vitales estresantes que van deteriorando a la persona. Un ejemplo es Marisa que, despu\u00e9s de casarse, se dio cuenta de que no sent\u00eda amor y que no ten\u00eda apoyo familiar. Esto la llev\u00f3 a una gran depresi\u00f3n y termin\u00f3 tomando drogas. Su vida se deterior\u00f3 tanto que pas\u00f3 a vivir en la calle: &#8220;Si no fuera por C\u00e1ritas y por todo el esfuerzo que he hecho, ahora mismo no estar\u00eda viva&#8221;. Tambi\u00e9n Juan ha pasado por la misma situaci\u00f3n: a\u00f1os durmiendo en la calle con todo lo que ello conlleva. Ambos, en todo el tiempo que estuvieron sin hogar, perdieron su dignidad.<\/p>\n<p><strong>Y entonces, \u00bfqu\u00e9?<\/strong><\/p>\n<p>Seg\u00fan el recuento de personas sin hogar, casi 3.000 personas duermen a la intemperie cada noche. Sin embargo, los transe\u00fantes nos hemos insensibilizado demasiado y no pensamos que estas personas son s\u00f3lo la punta del iceberg de un fen\u00f3meno amplio y desconocido. Dentro de todas las personas sin hogar, sin embargo, hay ejemplos de salida, como Marisa o Juan. Si bien es cierto que cuanto m\u00e1s tiempo se pasa en la calle m\u00e1s dif\u00edcil es salir adelante, hay muchas personas que activa y voluntariamente quieren iniciar un proceso de cambio vital.<\/p>\n<p>La principal ayuda que les podemos ofrecer es la confianza y algunos gestos para devolverles la dignidad como una mirada, una caricia o una conversaci\u00f3n. Pero siempre se debe ver al otro como a uno mismo y no suplir sus capacidades de decisi\u00f3n (no se debe decidir por ellos). En el caso de Juan, una vecina le advirti\u00f3 que como siguiera por ese camino se llevar\u00eda a su madre con \u00e9l. Cuando lleg\u00f3 a casa de la madre, donde a veces iba a ducharse y cambiarse de ropa, la vio con la mirada perdida y pens\u00f3 que ten\u00eda que cambiar. Marisa, en cambio, se encontr\u00f3 con la mirada de una trabajadora de C\u00e1ritas: &#8220;No s\u00f3lo me ayud\u00f3 sino que me dignific\u00f3 y me ha hecho feliz&#8221;.<\/p>\n<p><strong>Un voluntario m\u00e1s<\/strong><\/p>\n<p>Tanto Marisa como el Juan se han incorporado como voluntarios en los diferentes proyectos y servicios que ofrece C\u00e1ritas. Gracias a su ayuda, cada caso puede ser analizado desde diferentes miradas: la del profesional, la del voluntario y la de la persona que ya lo ha vivido (y con la que es m\u00e1s f\u00e1cil sentirse identificado). As\u00ed, poco a poco, Marisa y Juan van recuperando la dignidad que perdieron despu\u00e9s de vivir en la calle y &#8220;que cuesta mucho encontrar de nuevo&#8221;. Y lo hacen dando a los dem\u00e1s lo que ellos recibieron en un momento determinado.<\/p>\n<p>Con estos testimonios, los voluntarios que participan en el Ciclo de Reflexiones en torno al Voluntariado quedaron sensibilizados sobre el sinhogarismo y pudieron conocer a fondo la campa\u00f1a &#8220;Hazme visible. Por dignidad, nadie sin hogar&#8221; que se presentar\u00e1 a finales de noviembre.<\/p>\n","protected":false},"excerpt":{"rendered":"<p>Casi 3.000 personas duermen en la calle cada noche. Juan y Marisa lo vivieron en primera persona y, ahora que ya han podido salir adelante, han hecho reflexionar a los voluntarios de C\u00e1ritas sobre la p\u00e9rdida de la dignidad en una nueva sesi\u00f3n del Ciclo de Reflexiones en torno al Voluntariado A menudo, tendemos a [&hellip;]<\/p>\n","protected":false},"author":1,"featured_media":223,"comment_status":"open","ping_status":"open","sticky":false,"template":"","format":"standard","meta":{"footnotes":""},"categories":[24],"tags":[],"autor":[36],"class_list":["post-3283","post","type-post","status-publish","format-standard","has-post-thumbnail","hentry","category-sin-hogar-y-vivienda","autor-caritas-diocesana-de-barcelona-es"],"aioseo_notices":[],"_links":{"self":[{"href":"https:\/\/blog.caritas.barcelona\/es\/wp-json\/wp\/v2\/posts\/3283","targetHints":{"allow":["GET"]}}],"collection":[{"href":"https:\/\/blog.caritas.barcelona\/es\/wp-json\/wp\/v2\/posts"}],"about":[{"href":"https:\/\/blog.caritas.barcelona\/es\/wp-json\/wp\/v2\/types\/post"}],"author":[{"embeddable":true,"href":"https:\/\/blog.caritas.barcelona\/es\/wp-json\/wp\/v2\/users\/1"}],"replies":[{"embeddable":true,"href":"https:\/\/blog.caritas.barcelona\/es\/wp-json\/wp\/v2\/comments?post=3283"}],"version-history":[{"count":2,"href":"https:\/\/blog.caritas.barcelona\/es\/wp-json\/wp\/v2\/posts\/3283\/revisions"}],"predecessor-version":[{"id":3649,"href":"https:\/\/blog.caritas.barcelona\/es\/wp-json\/wp\/v2\/posts\/3283\/revisions\/3649"}],"wp:featuredmedia":[{"embeddable":true,"href":"https:\/\/blog.caritas.barcelona\/es\/wp-json\/wp\/v2\/media\/223"}],"wp:attachment":[{"href":"https:\/\/blog.caritas.barcelona\/es\/wp-json\/wp\/v2\/media?parent=3283"}],"wp:term":[{"taxonomy":"category","embeddable":true,"href":"https:\/\/blog.caritas.barcelona\/es\/wp-json\/wp\/v2\/categories?post=3283"},{"taxonomy":"post_tag","embeddable":true,"href":"https:\/\/blog.caritas.barcelona\/es\/wp-json\/wp\/v2\/tags?post=3283"},{"taxonomy":"autor","embeddable":true,"href":"https:\/\/blog.caritas.barcelona\/es\/wp-json\/wp\/v2\/autor?post=3283"}],"curies":[{"name":"wp","href":"https:\/\/api.w.org\/{rel}","templated":true}]}}