{"id":3277,"date":"2016-10-24T00:00:00","date_gmt":"2016-10-23T22:00:00","guid":{"rendered":"https:\/\/blog.caritas.barcelona\/acogida-y-acompanamiento\/unidos-para-transformar-la-sociedad-desde-la-misericordia\/"},"modified":"2017-08-03T12:46:39","modified_gmt":"2017-08-03T10:46:39","slug":"unidos-para-transformar-la-sociedad-desde-la-misericordia","status":"publish","type":"post","link":"https:\/\/blog.caritas.barcelona\/es\/voluntariado\/unidos-para-transformar-la-sociedad-desde-la-misericordia\/","title":{"rendered":"Unidos para transformar la sociedad desde la misericordia"},"content":{"rendered":"<p>Casi 2.000 voluntarios de toda Catalu\u00f1a se reunieron en Tarragona para disfrutar de una jornada de formaci\u00f3n, oraci\u00f3n y reflexi\u00f3n en la que tambi\u00e9n hubo momentos de diversi\u00f3n y hermandad<\/p>\n<p>&nbsp;<\/p>\n<p>Cinco autocares salieron desde diferentes puntos de Barcelona para trasladar a los casi 300 voluntarios de C\u00e1ritas Diocesana de Barcelona hacia Tarragona, con el objetivo de participar en el encuentro anual de voluntariado de C\u00e1ritas Catalu\u00f1a, que llevaba por t\u00edtulo &#8220;Transformar la sociedad desde la misericordia&#8221;. Aunque de buena ma\u00f1ana llov\u00eda a c\u00e1ntaros, al llegar a su destino el cielo amain\u00f3. El Campo de Marte fue el escenario en el que se reunieron los 1.800 voluntarios de las diez di\u00f3cesis con sede en Catalu\u00f1a. La jornada comenz\u00f3 con una bienvenida institucional y una sesi\u00f3n de reflexi\u00f3n en torno a la figura del voluntario pero, a media ma\u00f1ana, la formaci\u00f3n dej\u00f3 lugar al ocio y todos los asistentes pudieron disfrutar de un espect\u00e1culo de Payasos sin fronteras y un recorrido por los diferentes monumentos hist\u00f3ricos de la ciudad.<\/p>\n<p><strong>Jes\u00fas, el ejemplo de los voluntarios<\/strong><\/p>\n<p>Mons. Omella, arzobispo de Barcelona y responsable episcopal de C\u00e1ritas Catalu\u00f1a, fue uno de los obispos que asisti\u00f3 al encuentro. Omella se qued\u00f3 sorprendido del numeroso grupo de voluntarios que hab\u00eda invadido Tarragona y les record\u00f3 que vayan siempre a la fuente de la Eucarist\u00eda, que es Cristo. En la misma l\u00ednea, Carme Borbon\u00e9s -presidenta de C\u00e1ritas Catalu\u00f1a- enfatiz\u00f3 que &#8220;el mensaje de Jes\u00fas ha acompa\u00f1ado a generaciones de personas&#8221; y los voluntarios deben aprender y profundizar en este mensaje que se basa en los principios de solidaridad, igualdad y praxis cotidiana del amor. Por su parte, el arzobispo de Tarragona, Mons. Jaume Pujol, destac\u00f3 cu\u00e1l es realmente la labor de los voluntarios: &#8220;Transformar la sociedad en conflicto en una sociedad acogedora, el norte de la cual debe ser la humildad y la oraci\u00f3n&#8221;.<\/p>\n<p><strong>\u00bfCu\u00e1l es el \u00faltimo milagro que hemos visto?<\/strong><\/p>\n<p>Una vez dada la bienvenida institucional, fue el turno de las sesiones formativas. Imanol Zubero, profesor de Teolog\u00eda del Pa\u00eds Vasco, subray\u00f3 que los voluntarios deben mirar con misericordia porque &#8220;esta forma de ver el mundo nos cambia y nos dispone a cambiar&#8221;, siempre teniendo presente la par\u00e1bola del buen samaritano. Zubero insisti\u00f3 en que hicieran milagros cada d\u00eda y que no vieran el mundo de manera negativa ya que &#8220;el Reino de Dios est\u00e1 entre nosotros&#8221;.<\/p>\n<p>Mn. Miquel Barber\u00e1, te\u00f3logo y soci\u00f3logo, explic\u00f3 la esencia de C\u00e1ritas que es &#8220;la mano larga de la comunidad cristiana con los pobres y marginados&#8221;. Puntualiz\u00f3 que los valores y las virtudes de todos los voluntarios deben ser coherentes con la manera de hacer y, por tanto, que &#8220;el voluntario debe hacer el trabajo bien hecho y de manera cumplidora, como un profesional, con la misma calidad&#8221;.<\/p>\n<p><strong>Misa de hermandad<\/strong><\/p>\n<p>Despu\u00e9s de este rato de formaci\u00f3n y reflexi\u00f3n, los casi 2.000 voluntarios pudieron disfrutar de un espect\u00e1culo de Payasos sin fronteras, que hizo re\u00edr a peque\u00f1os y mayores. Al finalizar, todos los asistentes se trasladaron al comedor para comer juntos. Las primeras horas de la tarde las aprovecharon para visitar los diferentes monumentos hist\u00f3ricos de la ciudad: el anfiteatro, la Catedral, el circo, el Museo B\u00edblico&#8230; Finalmente, la jornada termin\u00f3 con una eucarist\u00eda que presidi\u00f3 Mons. Jaume Pujol y que fue concelebrada por los dem\u00e1s obispos de las di\u00f3cesis con sede en Catalu\u00f1a. Los autocares, ya preparados, recogieron a todos los voluntarios y los llevaron, de nuevo, hacia los diferentes puntos de Barcelona.<\/p>\n","protected":false},"excerpt":{"rendered":"<p>Casi 2.000 voluntarios de toda Catalu\u00f1a se reunieron en Tarragona para disfrutar de una jornada de formaci\u00f3n, oraci\u00f3n y reflexi\u00f3n en la que tambi\u00e9n hubo momentos de diversi\u00f3n y hermandad &nbsp; Cinco autocares salieron desde diferentes puntos de Barcelona para trasladar a los casi 300 voluntarios de C\u00e1ritas Diocesana de Barcelona hacia Tarragona, con el [&hellip;]<\/p>\n","protected":false},"author":1,"featured_media":644,"comment_status":"open","ping_status":"open","sticky":false,"template":"","format":"standard","meta":{"footnotes":""},"categories":[23],"tags":[],"autor":[36],"class_list":["post-3277","post","type-post","status-publish","format-standard","has-post-thumbnail","hentry","category-voluntariado","autor-caritas-diocesana-de-barcelona-es"],"aioseo_notices":[],"_links":{"self":[{"href":"https:\/\/blog.caritas.barcelona\/es\/wp-json\/wp\/v2\/posts\/3277","targetHints":{"allow":["GET"]}}],"collection":[{"href":"https:\/\/blog.caritas.barcelona\/es\/wp-json\/wp\/v2\/posts"}],"about":[{"href":"https:\/\/blog.caritas.barcelona\/es\/wp-json\/wp\/v2\/types\/post"}],"author":[{"embeddable":true,"href":"https:\/\/blog.caritas.barcelona\/es\/wp-json\/wp\/v2\/users\/1"}],"replies":[{"embeddable":true,"href":"https:\/\/blog.caritas.barcelona\/es\/wp-json\/wp\/v2\/comments?post=3277"}],"version-history":[{"count":4,"href":"https:\/\/blog.caritas.barcelona\/es\/wp-json\/wp\/v2\/posts\/3277\/revisions"}],"predecessor-version":[{"id":5143,"href":"https:\/\/blog.caritas.barcelona\/es\/wp-json\/wp\/v2\/posts\/3277\/revisions\/5143"}],"wp:featuredmedia":[{"embeddable":true,"href":"https:\/\/blog.caritas.barcelona\/es\/wp-json\/wp\/v2\/media\/644"}],"wp:attachment":[{"href":"https:\/\/blog.caritas.barcelona\/es\/wp-json\/wp\/v2\/media?parent=3277"}],"wp:term":[{"taxonomy":"category","embeddable":true,"href":"https:\/\/blog.caritas.barcelona\/es\/wp-json\/wp\/v2\/categories?post=3277"},{"taxonomy":"post_tag","embeddable":true,"href":"https:\/\/blog.caritas.barcelona\/es\/wp-json\/wp\/v2\/tags?post=3277"},{"taxonomy":"autor","embeddable":true,"href":"https:\/\/blog.caritas.barcelona\/es\/wp-json\/wp\/v2\/autor?post=3277"}],"curies":[{"name":"wp","href":"https:\/\/api.w.org\/{rel}","templated":true}]}}