{"id":3269,"date":"2016-10-10T00:00:00","date_gmt":"2016-10-09T22:00:00","guid":{"rendered":"https:\/\/blog.caritas.barcelona\/acogida-y-acompanamiento\/ayuda-a-haiti-a-vencer-el-huracan-matthew\/"},"modified":"2017-07-10T15:44:48","modified_gmt":"2017-07-10T13:44:48","slug":"ayuda-a-haiti-a-vencer-el-huracan-matthew","status":"publish","type":"post","link":"https:\/\/blog.caritas.barcelona\/es\/institucional-es\/ayuda-a-haiti-a-vencer-el-huracan-matthew\/","title":{"rendered":"Ayuda a Hait\u00ed a vencer el hurac\u00e1n Matthew"},"content":{"rendered":"<p>Las C\u00e1ritas de Hait\u00ed y de Cuba han puesto en marcha sus respectivos planes de respuesta a la emergencia causada por el hurac\u00e1n, los efectos, a medida que se va accediendo a las zonas siniestradas, son calificados como &#8220;catastr\u00f3ficos&#8221;.<\/p>\n<p>Considerado ya como el hurac\u00e1n m\u00e1s potente que ha golpeado las costas de Hait\u00ed y Cuba en los \u00faltimos nueve a\u00f1os, el alcance de p\u00e9rdidas en vidas humanas -que en Hait\u00ed superan ya los 300 muertos- y en da\u00f1os materiales es mucho m\u00e1s extenso que los estimados inicialmente.<\/p>\n<p><strong>Reparto de ayuda de emergencia en Hait\u00ed<\/strong><\/p>\n<p>En Hait\u00ed, C\u00e1ritas est\u00e1 ayudando a las familias que han perdido sus hogares en las zonas de Tibur\u00f3n, Cayes, J\u00e9r\u00e9mie, Mirago\u00e2ne y Jacmel. Su trabajo se desarrolla en coordinaci\u00f3n estrecha con los equipos de emergencia del Gobierno, que ha declarado la alerta roja y ha abierto m\u00e1s de 200 refugios contra huracanes en las zonas de riesgo.<\/p>\n<p>En Cayes, C\u00e1ritas Hait\u00ed est\u00e1 repartiendo paquetes de comida a las familias que han buscado refugio en los albergues y en Jacmel est\u00e1 proporcionando a los afectados comida caliente, agua y productos de higiene. C\u00e1ritas dispone, a estas alturas, de reservas de alimentos para los damnificados por cuatro d\u00edas.<\/p>\n<p>&#8220;El efecto del hurac\u00e1n en el sur de Hait\u00ed es catastr\u00f3fico&#8221;, se\u00f1al\u00f3 Jean-Herv\u00e9 Fran\u00e7ois, director de C\u00e1ritas Hait\u00ed. &#8220;En esta zona se han registrado numerosas muertes por ahogamiento y derrumbe de edificios. Algunas comunidades est\u00e1n bajo el agua. Muchas casas est\u00e1n da\u00f1adas y numerosas personas lo han perdido todo&#8221;, a\u00f1ade.<\/p>\n","protected":false},"excerpt":{"rendered":"<p>Las C\u00e1ritas de Hait\u00ed y de Cuba han puesto en marcha sus respectivos planes de respuesta a la emergencia causada por el hurac\u00e1n, los efectos, a medida que se va accediendo a las zonas siniestradas, son calificados como &#8220;catastr\u00f3ficos&#8221;. Considerado ya como el hurac\u00e1n m\u00e1s potente que ha golpeado las costas de Hait\u00ed y Cuba [&hellip;]<\/p>\n","protected":false},"author":1,"featured_media":637,"comment_status":"open","ping_status":"open","sticky":false,"template":"","format":"standard","meta":{"footnotes":""},"categories":[21],"tags":[],"autor":[36],"class_list":["post-3269","post","type-post","status-publish","format-standard","has-post-thumbnail","hentry","category-institucional-es","autor-caritas-diocesana-de-barcelona-es"],"aioseo_notices":[],"_links":{"self":[{"href":"https:\/\/blog.caritas.barcelona\/es\/wp-json\/wp\/v2\/posts\/3269","targetHints":{"allow":["GET"]}}],"collection":[{"href":"https:\/\/blog.caritas.barcelona\/es\/wp-json\/wp\/v2\/posts"}],"about":[{"href":"https:\/\/blog.caritas.barcelona\/es\/wp-json\/wp\/v2\/types\/post"}],"author":[{"embeddable":true,"href":"https:\/\/blog.caritas.barcelona\/es\/wp-json\/wp\/v2\/users\/1"}],"replies":[{"embeddable":true,"href":"https:\/\/blog.caritas.barcelona\/es\/wp-json\/wp\/v2\/comments?post=3269"}],"version-history":[{"count":2,"href":"https:\/\/blog.caritas.barcelona\/es\/wp-json\/wp\/v2\/posts\/3269\/revisions"}],"predecessor-version":[{"id":3718,"href":"https:\/\/blog.caritas.barcelona\/es\/wp-json\/wp\/v2\/posts\/3269\/revisions\/3718"}],"wp:featuredmedia":[{"embeddable":true,"href":"https:\/\/blog.caritas.barcelona\/es\/wp-json\/wp\/v2\/media\/637"}],"wp:attachment":[{"href":"https:\/\/blog.caritas.barcelona\/es\/wp-json\/wp\/v2\/media?parent=3269"}],"wp:term":[{"taxonomy":"category","embeddable":true,"href":"https:\/\/blog.caritas.barcelona\/es\/wp-json\/wp\/v2\/categories?post=3269"},{"taxonomy":"post_tag","embeddable":true,"href":"https:\/\/blog.caritas.barcelona\/es\/wp-json\/wp\/v2\/tags?post=3269"},{"taxonomy":"autor","embeddable":true,"href":"https:\/\/blog.caritas.barcelona\/es\/wp-json\/wp\/v2\/autor?post=3269"}],"curies":[{"name":"wp","href":"https:\/\/api.w.org\/{rel}","templated":true}]}}