{"id":3265,"date":"2016-09-29T00:00:00","date_gmt":"2016-09-28T22:00:00","guid":{"rendered":"https:\/\/blog.caritas.barcelona\/acogida-y-acompanamiento\/buscar-el-impacto-en-la-sociedad\/"},"modified":"2017-07-10T15:35:05","modified_gmt":"2017-07-10T13:35:05","slug":"buscar-el-impacto-en-la-sociedad","status":"publish","type":"post","link":"https:\/\/blog.caritas.barcelona\/es\/entidades-con-corazon\/buscar-el-impacto-en-la-sociedad\/","title":{"rendered":"Buscar el impacto en la sociedad"},"content":{"rendered":"<p>Las Entidades con Coraz\u00f3n celebran su V jornada de reflexi\u00f3n y trabajo en torno a la responsabilidad social corporativa en el Museo de Historia de Catalu\u00f1a<\/p>\n<p>Si una lecci\u00f3n han aprendido los asistentes de la V jornada de reflexi\u00f3n y trabajo de Entidades con Coraz\u00f3n, de este jueves por la ma\u00f1ana, es que las personas deben ser el centro de las decisiones en cualquier entidad y, en consecuencia, las mismas entidades deben velar para transformar la sociedad y cambiar el mundo. As\u00ed lo ha admitido Antonio Ballabriga, presidente de decirse y director de negocio responsable de BBVA, que ha hecho reflexionar a los m\u00e1s de 60 presentes sobre una nueva era empresarial. En la misma l\u00ednea estrat\u00e9gica se ha situado Salvador Busquets, director de C\u00e1ritas Diocesana de Barcelona, que ha concluido la jornada agradeciendo de todo coraz\u00f3n a todos los asistentes por su vinculaci\u00f3n y compromiso con la entidad.<\/p>\n<p><strong>Una responsabilidad de todos<\/strong><\/p>\n<p>El experto en responsabilidad social corporativa ha destacado que se debe avanzar hacia un nuevo modelo corporativo, llamado negocio responsable, en que la cuenta de resultados pase de estar en euros a valorarse seg\u00fan el impacto en la vida de las personas. Y es que las personas piden integridad y compromiso a las entidades. Esto es lo que pretend\u00edan demostrar cuando el BBVA puso a disposici\u00f3n de C\u00e1ritas Diocesana de Barcelona 50 viviendas para personas necesitadas: &#8220;Podemos cambiar el mundo desde dentro de las empresas creando valor para la propia entidad y tambi\u00e9n para la sociedad. So\u00f1amos! &#8220;, Concluy\u00f3 Ballabriga.<\/p>\n<p><strong>Objetivos y retos para el nuevo curso<\/strong><\/p>\n<p>Para complementar esta explicaci\u00f3n m\u00e1s magistral, Merc\u00e8 Darnell, adjunta al \u00e1rea de acci\u00f3n social, ha presentado el informe FOESSA y de la acci\u00f3n social de C\u00e1ritas Diocesana de Barcelona. Con todos estos datos en la cabeza, los representantes de todos los equipos de Entidades con Coraz\u00f3n han ido presentando los objetivos y los retos que se han marcado para este pr\u00f3ximo curso 2.016-2.017.<\/p>\n<p>La clausura de la jornada corri\u00f3 a cargo del director de la entidad, Salvador Busquets, que ha seguido la l\u00ednea de la ponencia principal: se debe apoyar a las empresas a cambiar el modelo que ha llevado a la desigualdad. &#8220;No hay suficiente ni con pol\u00edticas p\u00fablicas ni con actos personales. Deben ser las empresas las que lideren esta transformaci\u00f3n &#8220;, asegur\u00f3 Busquets. Tras agradecer a todos los presentes su labor voluntaria, el director ha admitido que ha quedado admirado con como de avanzados est\u00e1n los proyectos y con la consolidaci\u00f3n de los mismos.<\/p>\n","protected":false},"excerpt":{"rendered":"<p>Las Entidades con Coraz\u00f3n celebran su V jornada de reflexi\u00f3n y trabajo en torno a la responsabilidad social corporativa en el Museo de Historia de Catalu\u00f1a Si una lecci\u00f3n han aprendido los asistentes de la V jornada de reflexi\u00f3n y trabajo de Entidades con Coraz\u00f3n, de este jueves por la ma\u00f1ana, es que las personas [&hellip;]<\/p>\n","protected":false},"author":1,"featured_media":633,"comment_status":"open","ping_status":"open","sticky":false,"template":"","format":"standard","meta":{"footnotes":""},"categories":[22],"tags":[],"autor":[36],"class_list":["post-3265","post","type-post","status-publish","format-standard","has-post-thumbnail","hentry","category-entidades-con-corazon","autor-caritas-diocesana-de-barcelona-es"],"aioseo_notices":[],"_links":{"self":[{"href":"https:\/\/blog.caritas.barcelona\/es\/wp-json\/wp\/v2\/posts\/3265","targetHints":{"allow":["GET"]}}],"collection":[{"href":"https:\/\/blog.caritas.barcelona\/es\/wp-json\/wp\/v2\/posts"}],"about":[{"href":"https:\/\/blog.caritas.barcelona\/es\/wp-json\/wp\/v2\/types\/post"}],"author":[{"embeddable":true,"href":"https:\/\/blog.caritas.barcelona\/es\/wp-json\/wp\/v2\/users\/1"}],"replies":[{"embeddable":true,"href":"https:\/\/blog.caritas.barcelona\/es\/wp-json\/wp\/v2\/comments?post=3265"}],"version-history":[{"count":2,"href":"https:\/\/blog.caritas.barcelona\/es\/wp-json\/wp\/v2\/posts\/3265\/revisions"}],"predecessor-version":[{"id":3681,"href":"https:\/\/blog.caritas.barcelona\/es\/wp-json\/wp\/v2\/posts\/3265\/revisions\/3681"}],"wp:featuredmedia":[{"embeddable":true,"href":"https:\/\/blog.caritas.barcelona\/es\/wp-json\/wp\/v2\/media\/633"}],"wp:attachment":[{"href":"https:\/\/blog.caritas.barcelona\/es\/wp-json\/wp\/v2\/media?parent=3265"}],"wp:term":[{"taxonomy":"category","embeddable":true,"href":"https:\/\/blog.caritas.barcelona\/es\/wp-json\/wp\/v2\/categories?post=3265"},{"taxonomy":"post_tag","embeddable":true,"href":"https:\/\/blog.caritas.barcelona\/es\/wp-json\/wp\/v2\/tags?post=3265"},{"taxonomy":"autor","embeddable":true,"href":"https:\/\/blog.caritas.barcelona\/es\/wp-json\/wp\/v2\/autor?post=3265"}],"curies":[{"name":"wp","href":"https:\/\/api.w.org\/{rel}","templated":true}]}}