{"id":3264,"date":"2016-09-29T00:00:00","date_gmt":"2016-09-28T22:00:00","guid":{"rendered":"https:\/\/blog.caritas.barcelona\/acogida-y-acompanamiento\/un-primer-aliento-de-vida\/"},"modified":"2017-07-10T15:34:36","modified_gmt":"2017-07-10T13:34:36","slug":"un-primer-aliento-de-vida","status":"publish","type":"post","link":"https:\/\/blog.caritas.barcelona\/es\/familia-e-infancia\/un-primer-aliento-de-vida\/","title":{"rendered":"Un primer aliento de vida"},"content":{"rendered":"<p>Ocho madres y unos diez ni\u00f1os podr\u00e1n beneficiarse del nuevo Centro de Apoyo Materno Infantil Sant Miquel, que se ha inaugurado este jueves en Cornell\u00e0<\/p>\n<p>Los sue\u00f1os, muchas veces, se convierten en realidad. Y, despu\u00e9s de 10 a\u00f1os, la zona del Barcelon\u00e9s Sur ve su sue\u00f1o completo: disponer de un recurso de apoyo para madres en situaci\u00f3n de vulnerabilidad que tengan hijos de 0 a 3 a\u00f1os. El centro podr\u00e1 dar servicio a ocho madres de la ciudad con sus respectivos hijos, que tendr\u00e1n el apoyo de dos trabajadoras sociales de C\u00e1ritas Diocesana de Barcelona. Coincidiendo con la festividad de Sant Miquel, se inaugur\u00f3 el centro, que se caracteriza por la vitalidad que desprende.<\/p>\n<p>Antes de la inauguraci\u00f3n, las trabajadoras sociales del territorio iban ense\u00f1ando -muy orgullosas e ilusionadas- las estancias donde las ocho madres pasar\u00e1n m\u00e1s tiempo: una cocina, una sala de juegos y de dormir, un ba\u00f1o para los beb\u00e9s y un peque\u00f1o patio para jugar al aire libre.<\/p>\n<p><strong>Valorar la vida<\/strong><\/p>\n<p>La historia del local la explic\u00f3 el rector de la parroquia de Sant Miquel, Mn. Gregori Manso: se compr\u00f3 con dinero que, por voluntad del donante, deb\u00edan dedicarse a un proyecto social. Durante muchos a\u00f1os, se estuvo pensando a qu\u00e9 se pod\u00edan destinar y, finalmente, el Consejo de C\u00e1ritas Interparroquial de Cornell\u00e0 decidi\u00f3 hacer un Centro de Apoyo Materno Infantil. Aunque no fue f\u00e1cil encontrar el local adecuado, las obras han mejorado el espacio y lo han dotado de color: &#8220;Hemos tardado diez a\u00f1os pero responderemos a las necesidades constatadas por los servicios de atenci\u00f3n directa a las personas&#8221;, admiti\u00f3 Mn. Manso.<\/p>\n<p>El jefe territorial de Barcelon\u00e8s Sur de C\u00e1ritas Diocesana de Barcelona, Ferran Moreno, contextualiz\u00f3 la situaci\u00f3n de este centro. Situado en Cornell\u00e0, &#8220;una ciudad muy diferente de Barcelona&#8221;, el Materno pretende mostrar &#8220;qu\u00e9 bonita es la vida a partir de la dignificaci\u00f3n de las personas, de manera que se sientan hijas de Dios&#8221;.<\/p>\n<p><strong>Bendici\u00f3n del recinto<\/strong><\/p>\n<p>A la inauguraci\u00f3n tambi\u00e9n asisti\u00f3 Salvador Busquets, director de C\u00e1ritas Diocesana de Barcelona, que record\u00f3 el esfuerzo que se hab\u00eda hecho hasta llegar a este punto: &#8220;Para sacar adelante un proyecto social no s\u00f3lo debes ser buena persona. Hay realidades no previstas y normativas que hay que cumplir pero gracias al apoyo de todos lo hemos conseguido&#8221;.<\/p>\n<p>La inauguraci\u00f3n finaliz\u00f3 con la bendici\u00f3n del obispo auxiliar de Barcelona, Mons. Sebasti\u00e0 Taltavull. Antes de bendecir el local con agua bendita, record\u00f3 que &#8220;todos los que trabajar\u00e9is aqu\u00ed sois Jes\u00fas (&#8230;) La caridad es el amor que se entrega y vivir la fe es practicarla en la relaci\u00f3n con las personas&#8221;.<\/p>\n<p>Los vecinos del barrio y la comunidad, los feligreses de la parroquia y los otros asistentes pudieron disfrutar de una visita por las instalaciones y de un peque\u00f1o refrigerio.<\/p>\n","protected":false},"excerpt":{"rendered":"<p>Ocho madres y unos diez ni\u00f1os podr\u00e1n beneficiarse del nuevo Centro de Apoyo Materno Infantil Sant Miquel, que se ha inaugurado este jueves en Cornell\u00e0 Los sue\u00f1os, muchas veces, se convierten en realidad. Y, despu\u00e9s de 10 a\u00f1os, la zona del Barcelon\u00e9s Sur ve su sue\u00f1o completo: disponer de un recurso de apoyo para madres [&hellip;]<\/p>\n","protected":false},"author":1,"featured_media":631,"comment_status":"open","ping_status":"open","sticky":false,"template":"","format":"standard","meta":{"footnotes":""},"categories":[28],"tags":[],"autor":[36],"class_list":["post-3264","post","type-post","status-publish","format-standard","has-post-thumbnail","hentry","category-familia-e-infancia","autor-caritas-diocesana-de-barcelona-es"],"aioseo_notices":[],"_links":{"self":[{"href":"https:\/\/blog.caritas.barcelona\/es\/wp-json\/wp\/v2\/posts\/3264","targetHints":{"allow":["GET"]}}],"collection":[{"href":"https:\/\/blog.caritas.barcelona\/es\/wp-json\/wp\/v2\/posts"}],"about":[{"href":"https:\/\/blog.caritas.barcelona\/es\/wp-json\/wp\/v2\/types\/post"}],"author":[{"embeddable":true,"href":"https:\/\/blog.caritas.barcelona\/es\/wp-json\/wp\/v2\/users\/1"}],"replies":[{"embeddable":true,"href":"https:\/\/blog.caritas.barcelona\/es\/wp-json\/wp\/v2\/comments?post=3264"}],"version-history":[{"count":2,"href":"https:\/\/blog.caritas.barcelona\/es\/wp-json\/wp\/v2\/posts\/3264\/revisions"}],"predecessor-version":[{"id":3679,"href":"https:\/\/blog.caritas.barcelona\/es\/wp-json\/wp\/v2\/posts\/3264\/revisions\/3679"}],"wp:featuredmedia":[{"embeddable":true,"href":"https:\/\/blog.caritas.barcelona\/es\/wp-json\/wp\/v2\/media\/631"}],"wp:attachment":[{"href":"https:\/\/blog.caritas.barcelona\/es\/wp-json\/wp\/v2\/media?parent=3264"}],"wp:term":[{"taxonomy":"category","embeddable":true,"href":"https:\/\/blog.caritas.barcelona\/es\/wp-json\/wp\/v2\/categories?post=3264"},{"taxonomy":"post_tag","embeddable":true,"href":"https:\/\/blog.caritas.barcelona\/es\/wp-json\/wp\/v2\/tags?post=3264"},{"taxonomy":"autor","embeddable":true,"href":"https:\/\/blog.caritas.barcelona\/es\/wp-json\/wp\/v2\/autor?post=3264"}],"curies":[{"name":"wp","href":"https:\/\/api.w.org\/{rel}","templated":true}]}}