{"id":3259,"date":"2016-09-27T00:00:00","date_gmt":"2016-09-26T22:00:00","guid":{"rendered":"https:\/\/blog.caritas.barcelona\/acogida-y-acompanamiento\/junto-a-4-millones-de-personas\/"},"modified":"2017-07-10T15:40:52","modified_gmt":"2017-07-10T13:40:52","slug":"junto-a-4-millones-de-personas","status":"publish","type":"post","link":"https:\/\/blog.caritas.barcelona\/es\/institucional-es\/junto-a-4-millones-de-personas\/","title":{"rendered":"Junto a 4 millones de personas"},"content":{"rendered":"<p>C\u00e1ritas Espa\u00f1ola presenta la memoria anual del a\u00f1o 2015 que lleva por t\u00edtulo &#8220;Nuestras cifras m\u00e1s valiosas&#8221; y que evidencia que, durante el \u00faltimo a\u00f1o, se ha intensificado la gravedad de la situaci\u00f3n de las familias y personas que se atienden<\/p>\n<p>Las mejores cifras de C\u00e1ritas son aquellas que hablan del beneficio que la entidad aporta a la sociedad. Bajo este prop\u00f3sito, C\u00e1ritas Espa\u00f1ola ha hecho p\u00fablicos los datos correspondientes al a\u00f1o anterior, recogidas en su memoria anual, que este a\u00f1o lleva el nombre de &#8220;Nuestras cifras m\u00e1s valiosas&#8221;. &#8220;Nuestros datos m\u00e1s valiosas son las personas que nos han confiado su vida, con las que juntos hemos creado nuevas oportunidades y esperanza&#8221;, ha destacado el presidente de C\u00e1ritas Espa\u00f1ola durante la rueda de prensa de presentaci\u00f3n de la memoria.<br \/>\nDurante el 2015, C\u00e1ritas Espa\u00f1ola -formada por las 71 C\u00e1ritas Diocesanas y 6.051 C\u00e1ritas parroquiales- ha acompa\u00f1ado a m\u00e1s de 4 millones de personas tanto en Espa\u00f1a como en otros pa\u00edses m\u00e1s golpeados por la desigualdad. Gracias a la ayuda de 83.712 voluntarios y 4.677 contratados, se ha trabajado para garantizar los derechos de las personas m\u00e1s vulnerables y para ofrecer oportunidades a todos aquellos que no las tienen.<\/p>\n<p><strong>\u00bfA qu\u00e9 se destinan los recursos?<\/strong><\/p>\n<p>Las acciones de C\u00e1ritas han llegado a un total de 4.053.743 personas, de estas casi 2 millones dentro de Espa\u00f1a y 2 millones m\u00e1s en los proyectos de cooperaci\u00f3n internacional desarrollados en los cinco continentes.<\/p>\n<p>El programa de acogida y asistencia es el eje central de la actuaci\u00f3n de C\u00e1ritas. Por este motivo, se le destinan el 26% de los recursos totales. Esto supone el primer contacto con la persona que pide ayuda. Tambi\u00e9n Empleo y Econom\u00eda Social se llevan un alto n\u00famero de recursos (14%), as\u00ed como el programa dedicado a las personas mayores (11%).<\/p>\n<p><strong>\u00bfCu\u00e1l es la situaci\u00f3n de las personas acompa\u00f1adas?<\/strong><\/p>\n<p>Las condiciones de vida de las personas que acompa\u00f1a C\u00e1ritas sigue siendo de extrema vulnerabilidad, aunque se est\u00e1 constatando una estabilizaci\u00f3n del proceso iniciado entre 2013 y 2014 ya que han disminuido los hogares sin ingresos, los hogares en los que todos sus miembros estaban en paro y la tasa de desempleo.<\/p>\n<p>Sin embargo, aunque los indicadores est\u00e9n mejorando, se ha intensificado la gravedad de las situaciones de las familias y personas acompa\u00f1adas. El escenario sigue siendo peor que el existente en los primeros a\u00f1o de la crisis: la cantidad de ayudas para cubrir las necesidades b\u00e1sicas se ha incrementado un 40% respecto a 2011.<\/p>\n<p><strong>\u00bfC\u00f3mo se financia C\u00e1ritas Espa\u00f1ola?<\/strong><\/p>\n<p>Un 27,61% del presupuesto proviene de las administraciones locales, auton\u00f3micas, centrales y europeas; mientras que un 72,39% pertenece a fondos privados, procedentes de la aportaci\u00f3n de donantes, empresas e instituciones, legados y participantes.<\/p>\n<p>Los recursos invertidos en C\u00e1ritas han aumentado respecto al 2014. Y es que, en total, C\u00e1ritas Espa\u00f1ola ha destinado 328 millones de euros en favor del desarrollo, la oportunidad y la justicia. A pesar del incremento de fondos, la austeridad sigue siendo uno de los signos de identidad de C\u00e1ritas que cuenta con s\u00f3lo 4.677 personas contratadas (un n\u00famero que se mantiene constante en los \u00faltimos cinco a\u00f1os) y un porcentaje m\u00ednimo de gastos de gesti\u00f3n y administraci\u00f3n.<\/p>\n","protected":false},"excerpt":{"rendered":"<p>C\u00e1ritas Espa\u00f1ola presenta la memoria anual del a\u00f1o 2015 que lleva por t\u00edtulo &#8220;Nuestras cifras m\u00e1s valiosas&#8221; y que evidencia que, durante el \u00faltimo a\u00f1o, se ha intensificado la gravedad de la situaci\u00f3n de las familias y personas que se atienden Las mejores cifras de C\u00e1ritas son aquellas que hablan del beneficio que la entidad [&hellip;]<\/p>\n","protected":false},"author":1,"featured_media":549,"comment_status":"open","ping_status":"open","sticky":false,"template":"","format":"standard","meta":{"footnotes":""},"categories":[21],"tags":[],"autor":[36],"class_list":["post-3259","post","type-post","status-publish","format-standard","has-post-thumbnail","hentry","category-institucional-es","autor-caritas-diocesana-de-barcelona-es"],"aioseo_notices":[],"_links":{"self":[{"href":"https:\/\/blog.caritas.barcelona\/es\/wp-json\/wp\/v2\/posts\/3259","targetHints":{"allow":["GET"]}}],"collection":[{"href":"https:\/\/blog.caritas.barcelona\/es\/wp-json\/wp\/v2\/posts"}],"about":[{"href":"https:\/\/blog.caritas.barcelona\/es\/wp-json\/wp\/v2\/types\/post"}],"author":[{"embeddable":true,"href":"https:\/\/blog.caritas.barcelona\/es\/wp-json\/wp\/v2\/users\/1"}],"replies":[{"embeddable":true,"href":"https:\/\/blog.caritas.barcelona\/es\/wp-json\/wp\/v2\/comments?post=3259"}],"version-history":[{"count":2,"href":"https:\/\/blog.caritas.barcelona\/es\/wp-json\/wp\/v2\/posts\/3259\/revisions"}],"predecessor-version":[{"id":3698,"href":"https:\/\/blog.caritas.barcelona\/es\/wp-json\/wp\/v2\/posts\/3259\/revisions\/3698"}],"wp:featuredmedia":[{"embeddable":true,"href":"https:\/\/blog.caritas.barcelona\/es\/wp-json\/wp\/v2\/media\/549"}],"wp:attachment":[{"href":"https:\/\/blog.caritas.barcelona\/es\/wp-json\/wp\/v2\/media?parent=3259"}],"wp:term":[{"taxonomy":"category","embeddable":true,"href":"https:\/\/blog.caritas.barcelona\/es\/wp-json\/wp\/v2\/categories?post=3259"},{"taxonomy":"post_tag","embeddable":true,"href":"https:\/\/blog.caritas.barcelona\/es\/wp-json\/wp\/v2\/tags?post=3259"},{"taxonomy":"autor","embeddable":true,"href":"https:\/\/blog.caritas.barcelona\/es\/wp-json\/wp\/v2\/autor?post=3259"}],"curies":[{"name":"wp","href":"https:\/\/api.w.org\/{rel}","templated":true}]}}