{"id":3255,"date":"2016-09-21T00:00:00","date_gmt":"2016-09-20T22:00:00","guid":{"rendered":"https:\/\/blog.caritas.barcelona\/acogida-y-acompanamiento\/caritas-siria-clama-por-el-final-de-la-guerra\/"},"modified":"2017-07-10T15:39:53","modified_gmt":"2017-07-10T13:39:53","slug":"caritas-siria-clama-por-el-final-de-la-guerra","status":"publish","type":"post","link":"https:\/\/blog.caritas.barcelona\/es\/institucional-es\/caritas-siria-clama-por-el-final-de-la-guerra\/","title":{"rendered":"C\u00e1ritas Siria clama por el final de la Guerra"},"content":{"rendered":"<p>Los responsables de C\u00e1ritas Siria han remitido a todas las Caritas del mundo un mensaje con motivo del D\u00eda Internacional de la Paz, que se conmemora hoy, en el que hace un llamamiento urgente para poner fin a la guerra y hacer posible el advenimiento de una paz necesaria para \u201creconstruir nuestras vidas y nuestro pa\u00eds por nuestros propios medios\u201d.<\/p>\n<p>Este es el texto del mensaje:<\/p>\n<p>\u00abEstimados socios y amigos,<\/p>\n<p>Cuando escuchamos las noticias acerca de las treguas sobre Siria, o la decisi\u00f3n de algunos pa\u00edses de apoyar la acci\u00f3n de grupos armados dentro del pa\u00eds, o los acuerdos de alto el fuego hecha por los gobiernos extranjeros, o la formaci\u00f3n y env\u00edo de m\u00e1s combatientes a Siria, o los aviones de combate extranjeros volando sobre nuestro cielo sin permiso, siempre nos sentimos como vi\u00e9semos un partido de f\u00fatbol entre las grandes potencias del mundo en territorio sirio y usando como bal\u00f3n sirio &#8220;el pueblo de Siria\u201d.<\/p>\n<p>Lamentablemente, lo que est\u00e1 sucediendo durante este partido es que los jugadores, mientras juegas, est\u00e1n destruyendo con sus grandes botas, las infraestructuras, los edificios y las f\u00e1bricas, machacando al pueblo sirio, especialmente a los m\u00e1s pobres, que son la mayor\u00eda.<\/p>\n<p>Despu\u00e9s de casi seis a\u00f1os de guerra, como sirios estamos agotados. Esta guerra no s\u00f3lo est\u00e1 arrasando nuestro pa\u00eds, sino que est\u00e1 destruyendo tambi\u00e9n nuestras almas desde dentro. La guerra en Siria ha golpeado cada puerta y ha entrado en cada casa, dejando sus huellas por todas partes y en cada coraz\u00f3n&#8230;<\/p>\n<p>La guerra ha provocado que la mayor\u00eda de nosotros seamos desplazados en nuestro pa\u00eds, despu\u00e9s de perder todas nuestras pertenencias, nuestros recuerdos de la infancia y nuestro pasado&#8230;<br \/>\nLa guerra nos provoca una inseguridad constante, incluso si estamos en nuestras propias casas&#8230;<br \/>\nLa guerra nos ha hecho pobres a la mayor\u00eda de nosotros, que no podemos acceder a las necesidades vitales o comprar pan para nuestros hijos&#8230;<br \/>\nLa guerra ha invadido el seno de nuestras familias de interior, dividi\u00e9ndolas y desintegr\u00e1ndolas&#8230;<br \/>\nLa guerra ha hecho de la educaci\u00f3n un sue\u00f1o inalcanzable para nuestros ni\u00f1os y j\u00f3venes&#8230;<br \/>\nLa guerra ha llenado nuestras calles de personas sin hogar, especialmente de los m\u00e1s peque\u00f1os, de ni\u00f1os&#8230;<br \/>\nLa guerra ha cerrado las compa\u00f1\u00edas extranjeras, las embajadas, ha destruido nuestras f\u00e1bricas y nos ha dejado a la mayor\u00eda de nosotros sin trabajo&#8230;<br \/>\nLa guerra est\u00e1 aumentando los precios de las mercanc\u00edas y el coste diario de nuestras vidas&#8230;<br \/>\nLa guerra nos ha privado de electricidad, de agua potable y de medicamentos, y nos ha devuelto a la edad de piedra&#8230;<br \/>\nLa guerra nos hace tiritar durante el invierno, sin poder calentarnos nosotros mismos ni a nuestros hijos&#8230;<br \/>\nLa guerra nos obliga cada d\u00eda a decir adi\u00f3s a aquellos de nuestros seres queridos que han decidido emigrar, especialmente a nuestros j\u00f3venes&#8230;<br \/>\nLa guerra ha dejado abandonados a los ancianos, sin nadie para cuidarlos y sin dignidad en la \u00faltima etapa de su vida&#8230;<br \/>\nLa guerra ha dejado de ser el juego m\u00e1s divertido para nuestros hijos y ha invadido sus discusiones, su forma de pensar, sus juegos, y ha robado su inocencia infantil&#8230;<br \/>\nLa lista de las consecuencias de la guerra sobre nosotros es demasiado larga y nuestras necesidades enormes, especialmente en esta \u00e9poca del a\u00f1o. El invierno se avecina y las escuelas comenzaron hace poco, los que supone una seria carga econ\u00f3mica para cada familia siria.<\/p>\n<p>Por desgracia, sin el apoyo de Caritas y otras ONG presentes en Siria, muchas familias no podr\u00edan sobrevivir ya. Muchas de ellas dependen de nosotros y siempre pensamos que nuestro apoyo es como una gota de agua frente a tanta sed. Aunque ofrecemos alimentos, medicamentos, subsidio de alquiler, ropa, apoyo educativo, atenci\u00f3n a los mayores y acompa\u00f1amiento psicosocial a trav\u00e9s de nuestros proyectos, cuando preguntamos a las personas acerca de su necesidad m\u00e1s urgente, escuchamos, sobre todo, esta palabra: \u201c\u00a1paz!\u201d<\/p>\n<p>Todos nosotros necesitamos la paz para poder reconstruir nuestras vidas y nuestro pa\u00eds por nuestros propios medios. Todos so\u00f1amos con un d\u00eda en que nos despertemos por la ma\u00f1ana con la noticia de que hemos dejado de luchar entre nosotros y que no tenemos que temer ya a las grandes botas de los jugadores de f\u00fatbol, y que el partido ya se ha terminado&#8230;<br \/>\nCon su apoyo, con sus oraciones, con su solidaridad y amor, la paz en nuestra amada Siria es posible\u00bb.<\/p>\n","protected":false},"excerpt":{"rendered":"<p>Los responsables de C\u00e1ritas Siria han remitido a todas las Caritas del mundo un mensaje con motivo del D\u00eda Internacional de la Paz, que se conmemora hoy, en el que hace un llamamiento urgente para poner fin a la guerra y hacer posible el advenimiento de una paz necesaria para \u201creconstruir nuestras vidas y nuestro [&hellip;]<\/p>\n","protected":false},"author":1,"featured_media":625,"comment_status":"open","ping_status":"open","sticky":false,"template":"","format":"standard","meta":{"footnotes":""},"categories":[21],"tags":[],"autor":[36],"class_list":["post-3255","post","type-post","status-publish","format-standard","has-post-thumbnail","hentry","category-institucional-es","autor-caritas-diocesana-de-barcelona-es"],"aioseo_notices":[],"_links":{"self":[{"href":"https:\/\/blog.caritas.barcelona\/es\/wp-json\/wp\/v2\/posts\/3255","targetHints":{"allow":["GET"]}}],"collection":[{"href":"https:\/\/blog.caritas.barcelona\/es\/wp-json\/wp\/v2\/posts"}],"about":[{"href":"https:\/\/blog.caritas.barcelona\/es\/wp-json\/wp\/v2\/types\/post"}],"author":[{"embeddable":true,"href":"https:\/\/blog.caritas.barcelona\/es\/wp-json\/wp\/v2\/users\/1"}],"replies":[{"embeddable":true,"href":"https:\/\/blog.caritas.barcelona\/es\/wp-json\/wp\/v2\/comments?post=3255"}],"version-history":[{"count":2,"href":"https:\/\/blog.caritas.barcelona\/es\/wp-json\/wp\/v2\/posts\/3255\/revisions"}],"predecessor-version":[{"id":3694,"href":"https:\/\/blog.caritas.barcelona\/es\/wp-json\/wp\/v2\/posts\/3255\/revisions\/3694"}],"wp:featuredmedia":[{"embeddable":true,"href":"https:\/\/blog.caritas.barcelona\/es\/wp-json\/wp\/v2\/media\/625"}],"wp:attachment":[{"href":"https:\/\/blog.caritas.barcelona\/es\/wp-json\/wp\/v2\/media?parent=3255"}],"wp:term":[{"taxonomy":"category","embeddable":true,"href":"https:\/\/blog.caritas.barcelona\/es\/wp-json\/wp\/v2\/categories?post=3255"},{"taxonomy":"post_tag","embeddable":true,"href":"https:\/\/blog.caritas.barcelona\/es\/wp-json\/wp\/v2\/tags?post=3255"},{"taxonomy":"autor","embeddable":true,"href":"https:\/\/blog.caritas.barcelona\/es\/wp-json\/wp\/v2\/autor?post=3255"}],"curies":[{"name":"wp","href":"https:\/\/api.w.org\/{rel}","templated":true}]}}