{"id":3246,"date":"2016-07-28T00:00:00","date_gmt":"2016-07-27T22:00:00","guid":{"rendered":"https:\/\/blog.caritas.barcelona\/acogida-y-acompanamiento\/el-esplai-chanut-mas-que-un-esplai-mas-que-una-monitora\/"},"modified":"2017-07-10T15:38:13","modified_gmt":"2017-07-10T13:38:13","slug":"el-esplai-chanut-mas-que-un-esplai-mas-que-una-monitora","status":"publish","type":"post","link":"https:\/\/blog.caritas.barcelona\/es\/familia-e-infancia\/el-esplai-chanut-mas-que-un-esplai-mas-que-una-monitora\/","title":{"rendered":"El esplai Chanut: m\u00e1s que un esplai, m\u00e1s que una monitora"},"content":{"rendered":"<p>Quedamos con Judit Vilaclara en el barrio del Clot, hace sol y ella tiene su propia luz. Nos hemos citado en uno de esos bares que dan identidad a la ciudad. Nos sentamos en una mesa que seguro ha escuchado muchas historias, y nos preparamos para escuchar la del Chanut, un esplai que se ubica en el barrio de Sant Roc de Badalona.<\/p>\n<p>En pocos minutos entendemos que el Chanut, apellido de un jesuita que muri\u00f3 en la monta\u00f1a, es m\u00e1s que un esplai: es multicultural, familiar, especial, y te hace descubrir cosas nuevas, como la relaci\u00f3n especial entre monitores y ni\u00f1os.<\/p>\n<p>Y es que el barrio de Sant Roc no es sencillo, la mezcla de culturas y tradiciones, de etnia gitana, de Pakist\u00e1n o de otras realidades geogr\u00e1ficas lo hacen un terreno sensible, donde el esplai ha conseguido hitos que van m\u00e1s all\u00e1 del disfrute de los ni\u00f1os.<\/p>\n<p>Es un esplai peque\u00f1o pero c\u00e1lido, con 120 ni\u00f1os y ni\u00f1as inscritos de los cuales unos 70 asisten regularmente. Para los ni\u00f1os, el esplai, las colonias y los monitores son determinantes para su desarrollo vital.<\/p>\n<p>El Chanut cuenta con una responsable como Judit, con sensibilidad para tratar a los ni\u00f1os y ni\u00f1as en situaciones dif\u00edciles y que hace pedagog\u00eda sobre la realidad del barrio. Ella dice que el esplai le ha hecho ser como es, que le ha hecho ser maestra. Lleva siete a\u00f1os como responsable del esplai y ahora se va: el trabajo realizado ha sido ingente y necesitar\u00e1 mucho tiempo para digerirlo, pero cree que ahora hay que dar voz a monitores que puedan asumir el reto de acoger a los ni\u00f1os de Sant Roc.<\/p>\n<p>He aqu\u00ed la historia de una joven que dice no cambiar para nada el esplai Chanut, pues le ha dado todo.<\/p>\n<p>A continuaci\u00f3n, transcribimos la entrevista completa con Judit.<\/p>\n<p><strong>\u2022 \u00bfC\u00f3mo definir\u00edas el esplai Chanut?<\/strong><\/p>\n<p>Lo definir\u00eda como un esplai con muchas culturas, familiar y diferente. La relaci\u00f3n que se establece entre los ni\u00f1os y los monitores es m\u00e1gica, y la situaci\u00f3n geogr\u00e1fica del esplai no tiene nada que ver con la realidad social que vivimos muchos de los monitores que participamos. Casi todos los monitores siguen el mismo camino: llegan con muchas ganas de ayudar al Cuarto mundo de Sant Roc, pero al encontrarse con la realidad del barrio se dan cuenta que antes de ayudar hay que aprender muchas cosas.<\/p>\n<p><strong>\u2022 \u00bfCu\u00e1ntos ni\u00f1os y ni\u00f1as asisten y qu\u00e9 actividades realiz\u00e1is?<\/strong><br \/>\nLos s\u00e1bados son unos 70 ni\u00f1os, pero inscritos hay 120. Hay que tener en cuenta que los ni\u00f1os y ni\u00f1as son poco regulares a la hora de asistir al Chanut. Sin embargo, durante los \u00faltimos a\u00f1os ha mejorado mucho la asistencia y el compromiso por parte de los ni\u00f1os y las familias. Por edades contamos con ni\u00f1os y ni\u00f1as de cinco a\u00f1os hasta j\u00f3venes de diecisiete a\u00f1os. Nos centramos m\u00e1s en la infancia, pues el grupo de j\u00f3venes lo suelen formar unos pocos miembros. Hay que tener en cuenta que somos diecisiete monitores, un administrador, una secretar\u00eda y un animador de la fe. Todos somos voluntarios y hacemos lo imposible para llegar a todo.<\/p>\n<p>A nivel de actividades hacemos el curso de esplai, que se realiza los s\u00e1bados por la ma\u00f1ana donde se ofrece el desayuno. Tambi\u00e9n se realizan las colonias de Semana Santa, las colonias de verano para los ni\u00f1os y ni\u00f1as del d\u00eda uno al once de agosto en Viladrau y campamentos de verano para los adolescentes, adem\u00e1s de alguna salida puntual.<\/p>\n<p><strong>\u2022 Los ni\u00f1os y adolescentes del esplai provienen de familias con un nivel socioecon\u00f3mico bajo, con riesgo de marginaci\u00f3n social y con problemas de desestructuraci\u00f3n familiar. \u00bfQu\u00e9 coordinaci\u00f3n realiz\u00e1is con C\u00e1ritas Diocesana de Barcelona a la hora de asignar los ni\u00f1os y ni\u00f1as que participan en el esplai?<\/strong><\/p>\n<p>De C\u00e1ritas Diocesana de Barcelona (a partir de ahora CDB) recibimos asesoramiento. Hacemos reuniones puntuales y nos ofrece formaci\u00f3n sobre c\u00f3mo atender a los ni\u00f1os y ni\u00f1as del barrio de Sant Roc. Durante las colonias, CDB nos ayuda con las inscripciones y se encarga de hablar con todas las familias y establecer una serie de criterios para que el precio que paguen se adecue a las posibilidades de cada una. Tambi\u00e9n durante el curso, CDB nos deriva a ni\u00f1os y ni\u00f1as que necesitan un espacio relacional m\u00e1s amplio como el que ofrecemos en el esplai.<\/p>\n<p><strong>\u2022 38 a\u00f1os del esplai Chanut son todo un \u00e9xito, \u00bfcu\u00e1l es el secreto para que este proyecto contin\u00fae atendiendo a ni\u00f1os y j\u00f3venes?<\/strong><\/p>\n<p>El secreto de su funcionamiento es la red que tiene detr\u00e1s. Contamos con una Comunidad Cristiana formada por Sant Pere Claver del Clot, C\u00e1ritas Diocesana de Barcelona y el Moviment de Centres d&#8217;Esplai Cristians Catalans (MCECC). Estas tres entidades son los pilares del esplai. Todas las entidades pasan por relevos, y el esplai cuenta con muchas generaciones de monitores que han pasado durante estos 38 a\u00f1os de historia. Estas tres entidades han velado y velan para que el esplai salga adelante, independientemente de los cambios en el Chanut.<\/p>\n<p>A nivel econ\u00f3mico contamos con un convenio anual con CDB que nos permite realizar todo el curso y las colonias de Semana Santa, y del MCECC recibimos unas becas con las que financiamos las colonias de verano. Por parte de la escuela del Clot recibimos donaciones tanto materiales como econ\u00f3micas. Las propias familias que llevan a los ni\u00f1os al esplai tambi\u00e9n hacen peque\u00f1as aportaciones. Sin esta gran red de colaboradores lo tendr\u00edamos m\u00e1s dif\u00edcil.<br \/>\nLa curiosidad del esplai es que ha sido itinerante. Pilar Malla de CDB dec\u00eda al Jesuita Enric Puig &#8220;siempre hac\u00e9is colonias para los hijos de personas obreras del barrio del Clot, pero todav\u00eda hay ni\u00f1os a los que no llegan estas colonias&#8221;. A partir de ese momento Enric Puig decidi\u00f3 hacer llegar las colonias a todos los ni\u00f1os que lo necesitaran coordin\u00e1ndose con Pilar Malla y CDB. Esto hizo que se creara un movimiento de monitores que ten\u00edan ganas de ayudar, y CDB establec\u00eda los lugares donde m\u00e1s falta hac\u00eda el papel del esplai, y de ah\u00ed la itinerancia. Hace m\u00e1s de diez a\u00f1os que estamos en el barrio de Sant Roc y a\u00fan tenemos trabajo por hacer. La escuela del Estonnac nos cede sus instalaciones para realizar buena parte de las actividades, y eso hace que nos encontremos muy a gusto y muy bien situados.<\/p>\n<p><strong>\u2022 \u00bfQu\u00e9 valores intentais transmitir a los ni\u00f1os y j\u00f3venes que participan en el esplai?<\/strong><br \/>\nEl primer valor es la convivencia, porque en Sant Roc conviven muchos ni\u00f1os y ni\u00f1as de etnia gitana y muchos ni\u00f1os y ni\u00f1as de Pakist\u00e1n, adem\u00e1s de otras culturas. Estas dos culturas principales chocan en ciertos momentos, por lo que hay que transmitir actitudes como son convivir con el vecino desde que son ni\u00f1os, conocer otras culturas, aprender a estar con los dem\u00e1s, etc. Intentamos transmitir y seguir el modelo de Jes\u00fas en principios como son la ayuda a los dem\u00e1s, la estima a las personas cercanas y el trabajo y compromiso hacia la sociedad.<\/p>\n<p><strong>\u2022 A nivel personal y como responsable del esparcimiento, \u00bfcu\u00e1les son las l\u00edneas maestras que querr\u00edas que definieran el esparcimiento y qu\u00e9 huella has querido dejar en los ni\u00f1os y adolescentes que han pasado durante estos a\u00f1os?<\/strong><\/p>\n<p>En septiembre habr\u00e1 una nueva persona que tomar\u00e1 el relevo como responsable del esplai. Empec\u00e9 este camino con veinte a\u00f1os y lo dejo con veintisiete. Una de las cosas que he intentado ha sido seguir la tarea que otras personas ya hicieron. Creemos que lo que hacemos es extraordinario y descubrimos que hay personas que antes que nosotros han hecho una tarea esencial. He intentado que este fuera un esplai m\u00e1s, un esplai normal. Debemos saber explicar que los ni\u00f1os del Chanut no son diferentes a los dem\u00e1s. Tienen una situaci\u00f3n diferente, eso s\u00ed, pero son ni\u00f1os y ni\u00f1as como todos los dem\u00e1s, y merecen lo mismo.<\/p>\n<p>He intentado transmitir la realidad que vive el barrio al exterior. A veces hacemos grandes campa\u00f1as de sensibilizaci\u00f3n para pa\u00edses del tercer mundo, pero la realidad de Sant Roc la tenemos a un trayecto en metro. Al final de este trayecto encontramos personas que viven situaciones muy duras. Hemos visitado casas que no tienen puerta, ni\u00f1os y ni\u00f1as que no cenan, que no van a la escuela regularmente ya que los padres no lo consideran importante, en definitiva realidades que creemos lejanas pero que est\u00e1n m\u00e1s cerca de lo que pensamos. Transmitir estos valores y conocimientos forma parte de la misi\u00f3n del esplai Chanut, y no s\u00f3lo es una tarea interna, sino tambi\u00e9n de cara al exterior para acabar con los prejuicios que rodean el barrio de Sant Roc.<\/p>\n<p>El esplai me ha hecho ser quien soy y como soy. Descubrir realidades muy duras, darles respuesta, compartir esta tarea con otros j\u00f3venes, aprender de muchas culturas diferentes, aprender de la humildad de las familias, del saber salir adelante. Todo esto me lo llevo y lo puedo aplicar a mi vida. El esplai me ha hecho descubrir mi vocaci\u00f3n profesional, decid\u00ed ser maestra porque estaba en el Chanut. Haces sacrificios para ser monitor, pero en la vida todo es en una balanza donde hay cosas que pesan, pero compensan m\u00e1s que lo que hay al otro lado de la balanza, y eso es lo m\u00e1s importante. No cambiar\u00eda por nada mi paso por el Chanut.<\/p>\n","protected":false},"excerpt":{"rendered":"<p>Quedamos con Judit Vilaclara en el barrio del Clot, hace sol y ella tiene su propia luz. Nos hemos citado en uno de esos bares que dan identidad a la ciudad. Nos sentamos en una mesa que seguro ha escuchado muchas historias, y nos preparamos para escuchar la del Chanut, un esplai que se ubica [&hellip;]<\/p>\n","protected":false},"author":1,"featured_media":195,"comment_status":"open","ping_status":"open","sticky":false,"template":"","format":"standard","meta":{"footnotes":""},"categories":[28],"tags":[],"autor":[36],"class_list":["post-3246","post","type-post","status-publish","format-standard","has-post-thumbnail","hentry","category-familia-e-infancia","autor-caritas-diocesana-de-barcelona-es"],"aioseo_notices":[],"_links":{"self":[{"href":"https:\/\/blog.caritas.barcelona\/es\/wp-json\/wp\/v2\/posts\/3246","targetHints":{"allow":["GET"]}}],"collection":[{"href":"https:\/\/blog.caritas.barcelona\/es\/wp-json\/wp\/v2\/posts"}],"about":[{"href":"https:\/\/blog.caritas.barcelona\/es\/wp-json\/wp\/v2\/types\/post"}],"author":[{"embeddable":true,"href":"https:\/\/blog.caritas.barcelona\/es\/wp-json\/wp\/v2\/users\/1"}],"replies":[{"embeddable":true,"href":"https:\/\/blog.caritas.barcelona\/es\/wp-json\/wp\/v2\/comments?post=3246"}],"version-history":[{"count":2,"href":"https:\/\/blog.caritas.barcelona\/es\/wp-json\/wp\/v2\/posts\/3246\/revisions"}],"predecessor-version":[{"id":3686,"href":"https:\/\/blog.caritas.barcelona\/es\/wp-json\/wp\/v2\/posts\/3246\/revisions\/3686"}],"wp:featuredmedia":[{"embeddable":true,"href":"https:\/\/blog.caritas.barcelona\/es\/wp-json\/wp\/v2\/media\/195"}],"wp:attachment":[{"href":"https:\/\/blog.caritas.barcelona\/es\/wp-json\/wp\/v2\/media?parent=3246"}],"wp:term":[{"taxonomy":"category","embeddable":true,"href":"https:\/\/blog.caritas.barcelona\/es\/wp-json\/wp\/v2\/categories?post=3246"},{"taxonomy":"post_tag","embeddable":true,"href":"https:\/\/blog.caritas.barcelona\/es\/wp-json\/wp\/v2\/tags?post=3246"},{"taxonomy":"autor","embeddable":true,"href":"https:\/\/blog.caritas.barcelona\/es\/wp-json\/wp\/v2\/autor?post=3246"}],"curies":[{"name":"wp","href":"https:\/\/api.w.org\/{rel}","templated":true}]}}