{"id":3236,"date":"2016-07-06T00:00:00","date_gmt":"2016-07-05T22:00:00","guid":{"rendered":"https:\/\/blog.caritas.barcelona\/acogida-y-acompanamiento\/la-solidaridad-en-concierto\/"},"modified":"2017-07-10T15:42:40","modified_gmt":"2017-07-10T13:42:40","slug":"la-solidaridad-en-concierto","status":"publish","type":"post","link":"https:\/\/blog.caritas.barcelona\/es\/entidades-con-corazon\/la-solidaridad-en-concierto\/","title":{"rendered":"La solidaridad en concierto"},"content":{"rendered":"<p>La Bas\u00edlica de Santa Mar\u00eda del Mar luc\u00eda con todo su esplendor, C\u00e1ritas invitaba a los solidarios a escuchar m\u00fasica, y m\u00fasica de la mano de la Oxford Milenium Orchestra, formada por alumnos y ex-alumnos de la universidad inglesa, acompa\u00f1ada de la excelencia de la viol\u00edn solista, En Yuan Khong y del director David O&#8217;Neill.<\/p>\n<p>Esto ocurr\u00eda el martes cinco de julio, empezando con las palabras del Director de C\u00e1ritas Diocesana de Barcelona, Salvador Busquets, breves pero expl\u00edcitas: \u201cEs un honor celebrar la solidaridad con m\u00fasica y dedicar la recaudaci\u00f3n a la realizaci\u00f3n de un pozo de agua en Bolivia que llevar\u00e1 el nombre de Teresa Busquets, mujer solidaria, mi tia. El agua del pozo solidario, toda una expresi\u00f3n de fuente de vida y de esperanza.&#8221;<\/p>\n<p>Continu\u00f3 con el agradecimiento a la orquesta, y a Moss\u00e8n Pi\u00e9 por acoger, como en otros a\u00f1os, el concierto solidario. Del concierto debemos explicar que la viol\u00edn solista, En Yuan Khong, pese a su juventud, ven\u00eda acompa\u00f1ada de una trayectoria de excelencia. Entre otras muchas destaca haber actuado como solista con la St.Martin in the Fields, y con la Orquesta de J\u00f3venes de la Uni\u00f3n Europea dirigida por V. Ashkernazy. Y no decepcion\u00f3, al contrario, entusiasm\u00f3.<\/p>\n<p>Del director de la Oxford Milenium Orchestra (OMO) fundada en 1999, D. O&#8217;Neill, dijo que es su s\u00e9ptimo a\u00f1o como director, y que con OMO ha visitado entre otras ciudades, Praga, Berl\u00edn, Oporto. Hay que subrayar que bajo su direcci\u00f3n, OMO fomenta un ambiente alegre entre sus integrantes. As\u00ed lo constat\u00f3 el p\u00fablico reunido en Santa Mar\u00eda del Mar, donde se respiraba un ambiente de la alegr\u00eda que da la m\u00fasica con color de solidaridad, marca C\u00e1ritas.<\/p>\n","protected":false},"excerpt":{"rendered":"<p>La Bas\u00edlica de Santa Mar\u00eda del Mar luc\u00eda con todo su esplendor, C\u00e1ritas invitaba a los solidarios a escuchar m\u00fasica, y m\u00fasica de la mano de la Oxford Milenium Orchestra, formada por alumnos y ex-alumnos de la universidad inglesa, acompa\u00f1ada de la excelencia de la viol\u00edn solista, En Yuan Khong y del director David O&#8217;Neill. [&hellip;]<\/p>\n","protected":false},"author":1,"featured_media":612,"comment_status":"open","ping_status":"open","sticky":false,"template":"","format":"standard","meta":{"footnotes":""},"categories":[22],"tags":[],"autor":[36],"class_list":["post-3236","post","type-post","status-publish","format-standard","has-post-thumbnail","hentry","category-entidades-con-corazon","autor-caritas-diocesana-de-barcelona-es"],"aioseo_notices":[],"_links":{"self":[{"href":"https:\/\/blog.caritas.barcelona\/es\/wp-json\/wp\/v2\/posts\/3236","targetHints":{"allow":["GET"]}}],"collection":[{"href":"https:\/\/blog.caritas.barcelona\/es\/wp-json\/wp\/v2\/posts"}],"about":[{"href":"https:\/\/blog.caritas.barcelona\/es\/wp-json\/wp\/v2\/types\/post"}],"author":[{"embeddable":true,"href":"https:\/\/blog.caritas.barcelona\/es\/wp-json\/wp\/v2\/users\/1"}],"replies":[{"embeddable":true,"href":"https:\/\/blog.caritas.barcelona\/es\/wp-json\/wp\/v2\/comments?post=3236"}],"version-history":[{"count":1,"href":"https:\/\/blog.caritas.barcelona\/es\/wp-json\/wp\/v2\/posts\/3236\/revisions"}],"predecessor-version":[{"id":3707,"href":"https:\/\/blog.caritas.barcelona\/es\/wp-json\/wp\/v2\/posts\/3236\/revisions\/3707"}],"wp:featuredmedia":[{"embeddable":true,"href":"https:\/\/blog.caritas.barcelona\/es\/wp-json\/wp\/v2\/media\/612"}],"wp:attachment":[{"href":"https:\/\/blog.caritas.barcelona\/es\/wp-json\/wp\/v2\/media?parent=3236"}],"wp:term":[{"taxonomy":"category","embeddable":true,"href":"https:\/\/blog.caritas.barcelona\/es\/wp-json\/wp\/v2\/categories?post=3236"},{"taxonomy":"post_tag","embeddable":true,"href":"https:\/\/blog.caritas.barcelona\/es\/wp-json\/wp\/v2\/tags?post=3236"},{"taxonomy":"autor","embeddable":true,"href":"https:\/\/blog.caritas.barcelona\/es\/wp-json\/wp\/v2\/autor?post=3236"}],"curies":[{"name":"wp","href":"https:\/\/api.w.org\/{rel}","templated":true}]}}