{"id":3230,"date":"2016-07-01T00:00:00","date_gmt":"2016-06-30T22:00:00","guid":{"rendered":"https:\/\/blog.caritas.barcelona\/acogida-y-acompanamiento\/sostre-el-hogar-de-los-que-no-la-tienen\/"},"modified":"2017-07-10T15:41:45","modified_gmt":"2017-07-10T13:41:45","slug":"sostre-el-hogar-de-los-que-no-la-tienen","status":"publish","type":"post","link":"https:\/\/blog.caritas.barcelona\/es\/sin-hogar-y-vivienda\/sostre-el-hogar-de-los-que-no-la-tienen\/","title":{"rendered":"Sostre, el hogar de los que no la tienen"},"content":{"rendered":"<p>Este proyecto, en el coraz\u00f3n de la Barceloneta, acoge hombres que han sobrevivido en la calle, se los escucha, y se los acompa\u00f1a para que recuperen la confianza en s\u00ed mismos.<\/p>\n<p>&#8220;La calle es otro mundo, una selva. Tienes que poner 40.000 ojos si quieres sobrevivir&#8221;. Pedro expresa con estas impresionantes palabras su experiencia de 13 a\u00f1os durmiendo en bancos, cajeros autom\u00e1ticos&#8230; Dos d\u00e9cadas en las que su vida ha sido llevada al l\u00edmite encar\u00e1ndose con el miedo a la soledad y la desesperanza. Su historia dibuja el laberinto por el que se pierden las personas que acaban en esta situaci\u00f3n, y que es fruto de una conjunci\u00f3n de factores estructurales y vitales como la muerte de un familiar cercano, una separaci\u00f3n, la p\u00e9rdida del trabajo, etc. A Pedro le sorprendieron la incertidumbre y la fragilidad, que hicieron tambalearle su vida y arrastrarlo a malvivir en la calle. Ahora hace un a\u00f1o que est\u00e1 en Sostre, un hogar para hombres que, como \u00e9l, forman parte del paisaje nocturno de ciudades como Barcelona, donde los \u00faltimos a\u00f1os cada vez es m\u00e1s frecuente encontrar personas pasando la noche en la calle.<\/p>\n<p>Sostre depende de la parroquia de Sant Miquel del Port, de Barcelona. La educadora social que cada d\u00eda vela por su funcionamiento, Marina Quinto, explica que el proyecto nace de la iniciativa de vecinos y vecinas de la Barceloneta, &#8220;que tras la fuerte crisis econ\u00f3mica de 1992 empezaron a detectar que cada vez m\u00e1s personas del barrio quedaban en la calle&#8221;. Consciente de esta situaci\u00f3n, el antiguo rector cedi\u00f3 los espacios donde ahora se ubica Sostre y dej\u00f3 que mientras los voluntarios condicionaban el espacio comenzaran con el proyecto de acogida en la propia iglesia en uso. Actualmente, se atiende a seis hombres.<\/p>\n<p>Para ellos, este espacio es su hogar. Se sienten acogidos, acompa\u00f1ados y, sobre todo, queridos. &#8220;Nadie les pregunta que les ha pasado; poco a poco, van contando sus historias &#8220;, explica Marina, que tambi\u00e9n detalla la rutina de la casa:&#8221; Llegan por la noche, y se est\u00e1n hasta las 9 de la ma\u00f1ana. All\u00ed cenan, duermen, desayunan y se duchan&#8221;. Sostre nace para acoger a aquellos hombres que dif\u00edcilmente pueden asistir a otros servicios ya que son personas mayores que llevan a\u00f1os viviendo en la calle y con frecuencia tienen una adicci\u00f3n con el alcohol.<\/p>\n<p><strong>La magia del voluntariado<\/strong><\/p>\n<p>La magia de este proyecto se da con el voluntariado, que es quien ha creado y constituye la estructura del mismo. Cada d\u00eda y sin excepci\u00f3n, dos personas voluntarias pasan la noche para estar al lado de los que como Pedro no tienen donde estarse. Son su familia y los abrazan con el calor de un hogar. Montserrat Calvet, que lleva 8 a\u00f1os, explica que la experiencia la enriquece y le ha hecho comprender la realidad de las personas que viven esta situaci\u00f3n: &#8220;A menudo -explica- acaban llegando por m\u00faltiples factores y, muchos de ellos tienen que ver con una infancia dif\u00edcil. O bien porque su familia era pobre, o bien porque sufr\u00edan maltrato o bien porque subieron en un entorno donde no hab\u00eda entendimiento, etc.&#8221;.<\/p>\n<p>Sostre es una de las expresiones del amar sin esperar nada a cambio, del amor incondicional. Es el hogar que abre la puerta y que nutre el calor de la escucha, de la ternura, de la comprensi\u00f3n y de la aut\u00e9ntica compasi\u00f3n. Sostre es la casa de Pedro, el cobijo de la solidaridad de los voluntarios y voluntarias que lo hacen posible y el espacio donde Marina despliega su vocaci\u00f3n de acompa\u00f1ar a las personas que est\u00e1n m\u00e1s solas.<\/p>\n","protected":false},"excerpt":{"rendered":"<p>Este proyecto, en el coraz\u00f3n de la Barceloneta, acoge hombres que han sobrevivido en la calle, se los escucha, y se los acompa\u00f1a para que recuperen la confianza en s\u00ed mismos. &#8220;La calle es otro mundo, una selva. Tienes que poner 40.000 ojos si quieres sobrevivir&#8221;. Pedro expresa con estas impresionantes palabras su experiencia de [&hellip;]<\/p>\n","protected":false},"author":1,"featured_media":606,"comment_status":"open","ping_status":"open","sticky":false,"template":"","format":"standard","meta":{"footnotes":""},"categories":[24],"tags":[],"autor":[36],"class_list":["post-3230","post","type-post","status-publish","format-standard","has-post-thumbnail","hentry","category-sin-hogar-y-vivienda","autor-caritas-diocesana-de-barcelona-es"],"aioseo_notices":[],"_links":{"self":[{"href":"https:\/\/blog.caritas.barcelona\/es\/wp-json\/wp\/v2\/posts\/3230","targetHints":{"allow":["GET"]}}],"collection":[{"href":"https:\/\/blog.caritas.barcelona\/es\/wp-json\/wp\/v2\/posts"}],"about":[{"href":"https:\/\/blog.caritas.barcelona\/es\/wp-json\/wp\/v2\/types\/post"}],"author":[{"embeddable":true,"href":"https:\/\/blog.caritas.barcelona\/es\/wp-json\/wp\/v2\/users\/1"}],"replies":[{"embeddable":true,"href":"https:\/\/blog.caritas.barcelona\/es\/wp-json\/wp\/v2\/comments?post=3230"}],"version-history":[{"count":2,"href":"https:\/\/blog.caritas.barcelona\/es\/wp-json\/wp\/v2\/posts\/3230\/revisions"}],"predecessor-version":[{"id":3703,"href":"https:\/\/blog.caritas.barcelona\/es\/wp-json\/wp\/v2\/posts\/3230\/revisions\/3703"}],"wp:featuredmedia":[{"embeddable":true,"href":"https:\/\/blog.caritas.barcelona\/es\/wp-json\/wp\/v2\/media\/606"}],"wp:attachment":[{"href":"https:\/\/blog.caritas.barcelona\/es\/wp-json\/wp\/v2\/media?parent=3230"}],"wp:term":[{"taxonomy":"category","embeddable":true,"href":"https:\/\/blog.caritas.barcelona\/es\/wp-json\/wp\/v2\/categories?post=3230"},{"taxonomy":"post_tag","embeddable":true,"href":"https:\/\/blog.caritas.barcelona\/es\/wp-json\/wp\/v2\/tags?post=3230"},{"taxonomy":"autor","embeddable":true,"href":"https:\/\/blog.caritas.barcelona\/es\/wp-json\/wp\/v2\/autor?post=3230"}],"curies":[{"name":"wp","href":"https:\/\/api.w.org\/{rel}","templated":true}]}}