{"id":3228,"date":"2016-06-20T00:00:00","date_gmt":"2016-06-19T22:00:00","guid":{"rendered":"https:\/\/blog.caritas.barcelona\/acogida-y-acompanamiento\/salida-de-fin-de-curso-de-los-maternos-de-caritas-barcelones\/"},"modified":"2016-06-20T00:00:00","modified_gmt":"2016-06-19T22:00:00","slug":"salida-de-fin-de-curso-de-los-maternos-de-caritas-barcelones","status":"publish","type":"post","link":"https:\/\/blog.caritas.barcelona\/es\/familia-e-infancia\/salida-de-fin-de-curso-de-los-maternos-de-caritas-barcelones\/","title":{"rendered":"Salida de fin de curso de los maternos de C\u00e1ritas Barcelon\u00e9s"},"content":{"rendered":"<p>El pasado lunes 6 de junio, los tres maternos de C\u00e1ritas del Barcelon\u00e9s Nord (Santa Coloma, Montserrat y Badalona) realizaron una salida para celebrar el fin de curso. La excursi\u00f3n consisti\u00f3 en visitar la Granja Aventura Park, un paraje ubicado en medio de la naturaleza que se encuentra entre Terrassa y Viladecavalls.<br \/>\nEl trayecto se realiz\u00f3 en un autocar de Canls, Empresa con Coraz\u00f3n que lo cedi\u00f3 de manera gratuita. Fue una experiencia totalmente innovadora por los tres maternos, donde las madres compartieron un rato divertido de viaje, al tiempo que descubrieron nuevos entornos.<br \/>\nUna vez en la granja, acompa\u00f1ados por dos monitores, tanto las madres como los ni\u00f1os y ni\u00f1as pudieron contemplar muy de cerca a los animales de la granja, tocarlos y darles de comer, y pudieron colarse en los corrales de las cabras, conejos y gallinas, \u00a1toda una aventura!<br \/>\nDespu\u00e9s de compartir este rato con los animales, hicieron una comida en la zona de picnic, y seguidamente continuaron la visita por el parque.<br \/>\nTodos disfrutaron mucho de este d\u00eda l\u00fadico y divertido, result\u00f3 una experiencia muy enriquecedora tanto para las madres como para los ni\u00f1os, y, por supuesto, para las profesionales de C\u00e1ritas, que valoraron muy positivamente la salida.<br \/>\nActividades como esta ayudan a los usuarios de C\u00e1ritas a salir de su rutina diaria que, con m\u00e1s o menos complicaciones, siempre requiere del apoyo de personas cercanas como son los profesionales de nuestra entidad.<br \/>\n\u00a1Gracias a todas las personas implicadas por hacerlo posible!<\/p>\n","protected":false},"excerpt":{"rendered":"<p>El pasado lunes 6 de junio, los tres maternos de C\u00e1ritas del Barcelon\u00e9s Nord (Santa Coloma, Montserrat y Badalona) realizaron una salida para celebrar el fin de curso. La excursi\u00f3n consisti\u00f3 en visitar la Granja Aventura Park, un paraje ubicado en medio de la naturaleza que se encuentra entre Terrassa y Viladecavalls. El trayecto se [&hellip;]<\/p>\n","protected":false},"author":1,"featured_media":604,"comment_status":"open","ping_status":"open","sticky":false,"template":"","format":"standard","meta":{"footnotes":""},"categories":[28],"tags":[],"autor":[36],"class_list":["post-3228","post","type-post","status-publish","format-standard","has-post-thumbnail","hentry","category-familia-e-infancia","autor-caritas-diocesana-de-barcelona-es"],"aioseo_notices":[],"_links":{"self":[{"href":"https:\/\/blog.caritas.barcelona\/es\/wp-json\/wp\/v2\/posts\/3228","targetHints":{"allow":["GET"]}}],"collection":[{"href":"https:\/\/blog.caritas.barcelona\/es\/wp-json\/wp\/v2\/posts"}],"about":[{"href":"https:\/\/blog.caritas.barcelona\/es\/wp-json\/wp\/v2\/types\/post"}],"author":[{"embeddable":true,"href":"https:\/\/blog.caritas.barcelona\/es\/wp-json\/wp\/v2\/users\/1"}],"replies":[{"embeddable":true,"href":"https:\/\/blog.caritas.barcelona\/es\/wp-json\/wp\/v2\/comments?post=3228"}],"version-history":[{"count":0,"href":"https:\/\/blog.caritas.barcelona\/es\/wp-json\/wp\/v2\/posts\/3228\/revisions"}],"wp:featuredmedia":[{"embeddable":true,"href":"https:\/\/blog.caritas.barcelona\/es\/wp-json\/wp\/v2\/media\/604"}],"wp:attachment":[{"href":"https:\/\/blog.caritas.barcelona\/es\/wp-json\/wp\/v2\/media?parent=3228"}],"wp:term":[{"taxonomy":"category","embeddable":true,"href":"https:\/\/blog.caritas.barcelona\/es\/wp-json\/wp\/v2\/categories?post=3228"},{"taxonomy":"post_tag","embeddable":true,"href":"https:\/\/blog.caritas.barcelona\/es\/wp-json\/wp\/v2\/tags?post=3228"},{"taxonomy":"autor","embeddable":true,"href":"https:\/\/blog.caritas.barcelona\/es\/wp-json\/wp\/v2\/autor?post=3228"}],"curies":[{"name":"wp","href":"https:\/\/api.w.org\/{rel}","templated":true}]}}