{"id":3216,"date":"2016-05-30T00:00:00","date_gmt":"2016-05-29T22:00:00","guid":{"rendered":"https:\/\/blog.caritas.barcelona\/acogida-y-acompanamiento\/el-nadador-solidario-gerard-rutia-visita-a-los-ninos-y-adolescentes-de-glamparetes\/"},"modified":"2017-07-10T15:48:02","modified_gmt":"2017-07-10T13:48:02","slug":"el-nadador-solidario-gerard-rutia-visita-a-los-ninos-y-adolescentes-de-glamparetes","status":"publish","type":"post","link":"https:\/\/blog.caritas.barcelona\/es\/familia-e-infancia\/el-nadador-solidario-gerard-rutia-visita-a-los-ninos-y-adolescentes-de-glamparetes\/","title":{"rendered":"El nadador solidario Gerard Rutia visita a los ni\u00f1os y adolescentes de &#8220;Glamparetes&#8221;"},"content":{"rendered":"<p>El pasado mi\u00e9rcoles 11 de mayo Gerard Rutia, nadador solidario, comparti\u00f3 un rato con los ni\u00f1os, adolescentes y familias del Centre Obert Glamparetes, Casal d\u2019Adolescents i Casal de Joves, para explicarles en que consiste el reto solidario que el nadador realizar\u00e1 el pr\u00f3ximo mes de septiembre en la Swim Marat\u00f3n (42 Km) de Roses a Portbou. Este reto tiene la finalidad de dotar de recursos educativos los proyectos de la Barceloneta que dependen de C\u00e1ritas Diocesana de Barcelona.<\/p>\n<p>La charla se desarroll\u00f3 de manera distendida y amena donde los ni\u00f1os y adolescentes pudieron compartir sus inquietudes sobre el mundo del deporte y la nataci\u00f3n con el nadador. Los ni\u00f1os y j\u00f3venes que asistieron a la charla captaron de primera mano el sentido y la motivaci\u00f3n que mueve a Gerard a superar este reto solidario, como se prepara f\u00edsicamente para completarlo, como se alimentar\u00e1 durante la traves\u00eda, cu\u00e1les son las dificultades que se encontrar\u00e1 haciendo la traves\u00eda, donde ir\u00e1 destinado el dinero que vaya obteniendo del reto, etc.<\/p>\n<p>Gerard hizo hincapi\u00e9 en la importancia del trabajo en equipo, imprescindible para superar los retos. Afirm\u00f3 que &#8220;hay que saber escuchar los consejos de aquellas personas que tienen experiencia. Estos consejos te ayudar\u00e1n a tomar las decisiones oportunas cuando est\u00e9s solo frente al reto. Tambi\u00e9n hay que contar con los valores de la superaci\u00f3n y del sacrificio, esenciales en el d\u00eda a d\u00eda de un deportista\u201d.<\/p>\n<p>Todos los asistentes asumieron el compromiso de apoyar el reto del deportista y mirar de qu\u00e9 manera podr\u00e1n acompa\u00f1arlo a pesar de la lejan\u00eda. \u00a1Seguro que ser\u00e1 una experiencia fant\u00e1stica!<\/p>\n","protected":false},"excerpt":{"rendered":"<p>El pasado mi\u00e9rcoles 11 de mayo Gerard Rutia, nadador solidario, comparti\u00f3 un rato con los ni\u00f1os, adolescentes y familias del Centre Obert Glamparetes, Casal d\u2019Adolescents i Casal de Joves, para explicarles en que consiste el reto solidario que el nadador realizar\u00e1 el pr\u00f3ximo mes de septiembre en la Swim Marat\u00f3n (42 Km) de Roses a [&hellip;]<\/p>\n","protected":false},"author":1,"featured_media":594,"comment_status":"open","ping_status":"open","sticky":false,"template":"","format":"standard","meta":{"footnotes":""},"categories":[28],"tags":[],"autor":[36],"class_list":["post-3216","post","type-post","status-publish","format-standard","has-post-thumbnail","hentry","category-familia-e-infancia","autor-caritas-diocesana-de-barcelona-es"],"aioseo_notices":[],"_links":{"self":[{"href":"https:\/\/blog.caritas.barcelona\/es\/wp-json\/wp\/v2\/posts\/3216","targetHints":{"allow":["GET"]}}],"collection":[{"href":"https:\/\/blog.caritas.barcelona\/es\/wp-json\/wp\/v2\/posts"}],"about":[{"href":"https:\/\/blog.caritas.barcelona\/es\/wp-json\/wp\/v2\/types\/post"}],"author":[{"embeddable":true,"href":"https:\/\/blog.caritas.barcelona\/es\/wp-json\/wp\/v2\/users\/1"}],"replies":[{"embeddable":true,"href":"https:\/\/blog.caritas.barcelona\/es\/wp-json\/wp\/v2\/comments?post=3216"}],"version-history":[{"count":1,"href":"https:\/\/blog.caritas.barcelona\/es\/wp-json\/wp\/v2\/posts\/3216\/revisions"}],"predecessor-version":[{"id":3723,"href":"https:\/\/blog.caritas.barcelona\/es\/wp-json\/wp\/v2\/posts\/3216\/revisions\/3723"}],"wp:featuredmedia":[{"embeddable":true,"href":"https:\/\/blog.caritas.barcelona\/es\/wp-json\/wp\/v2\/media\/594"}],"wp:attachment":[{"href":"https:\/\/blog.caritas.barcelona\/es\/wp-json\/wp\/v2\/media?parent=3216"}],"wp:term":[{"taxonomy":"category","embeddable":true,"href":"https:\/\/blog.caritas.barcelona\/es\/wp-json\/wp\/v2\/categories?post=3216"},{"taxonomy":"post_tag","embeddable":true,"href":"https:\/\/blog.caritas.barcelona\/es\/wp-json\/wp\/v2\/tags?post=3216"},{"taxonomy":"autor","embeddable":true,"href":"https:\/\/blog.caritas.barcelona\/es\/wp-json\/wp\/v2\/autor?post=3216"}],"curies":[{"name":"wp","href":"https:\/\/api.w.org\/{rel}","templated":true}]}}