{"id":3212,"date":"2016-05-19T00:00:00","date_gmt":"2016-05-18T22:00:00","guid":{"rendered":"https:\/\/blog.caritas.barcelona\/acogida-y-acompanamiento\/caritas-celebra-la-llegada-de-la-primavera-con-una-fiesta-intergeneracional\/"},"modified":"2017-07-10T15:47:40","modified_gmt":"2017-07-10T13:47:40","slug":"caritas-celebra-la-llegada-de-la-primavera-con-una-fiesta-intergeneracional","status":"publish","type":"post","link":"https:\/\/blog.caritas.barcelona\/es\/personas-mayores\/caritas-celebra-la-llegada-de-la-primavera-con-una-fiesta-intergeneracional\/","title":{"rendered":"C\u00e1ritas celebra la llegada de la primavera con una fiesta intergeneracional"},"content":{"rendered":"<p>Desde C\u00e1ritas Diocesana de Barcelona trabajamos para que las personas mayores que se encuentran en una situaci\u00f3n m\u00e1s vulnerable y que no disponen de medios econ\u00f3micos suficientes tengan una vejez digna y se sientan acompa\u00f1adas y cuidadas. Para ello, adem\u00e1s de ofrecerles apoyo social, C\u00e1ritas organiza diferentes actividades l\u00fadicas a lo largo de todo el a\u00f1o para que las personas mayores puedan salir de la rutina y conectar con el esp\u00edritu joven que llevan dentro.<\/p>\n<p>Una de estas actividades se realiz\u00f3 el pasado jueves en la parroquia de San Juan Bosco, que acogi\u00f3 a m\u00e1s de 200 personas para celebrar la 2\u00aa Fiesta intergeneracional de primavera. Al acto asistieron 100 personas mayores atendidas por C\u00e1ritas, 30 voluntarios que las acompa\u00f1an diariamente y 80 alumnos de primaria, ESO y bachillerato de diferentes Escuelas con Coraz\u00f3n. Todos unidos disfrutaron de una fiesta llena de amor y de alegr\u00eda.<\/p>\n<p>La celebraci\u00f3n comenz\u00f3 a las 17h con una animada bienvenida presentada por profesionales de la entidad. A continuaci\u00f3n, los alumnos voluntarios de las Escuelas con Coraz\u00f3n FEDAC Horta, Jes\u00fas, Mar\u00eda i Josep, Jes\u00fas Mar\u00eda Claudina Th\u00e9venet, Sant Gabriel y Scala Dei, repartieron merienda a la gente mayor. Esta experiencia permiti\u00f3 a j\u00f3venes y mayores presentarse y conversar, compartiendo experiencias y aprendiendo los unos de otros.<\/p>\n<p>Una vez finalizada la merienda, los j\u00f3venes de las mismas escuelas tomaron el micr\u00f3fono para recitar poes\u00edas y escritos que las personas mayores escucharon en un profundo silencio y con unos rostros llenos de sentimiento y emoci\u00f3n. Terminada la lectura de los poemas, la representante de Escuelas con Coraz\u00f3n entreg\u00f3 un ejemplar de la recopilaci\u00f3n de escritos a los profesionales del programa destinado a las personas mayores de C\u00e1ritas.<\/p>\n<p>Seguidamente, arrancaron las actuaciones musicales. Los primeros fueron los alumnos de 4\u00ba de ESO de la Escuela Sant Gabriel interpretando con guitarra el Himno de la Alegr\u00eda, Romance, Blues y Hadin. Posteriormente, pasaron al escenario los alumnos de 3\u00ba de ESO de la escuela Jes\u00fas, Mar\u00eda y Josep, para cantar un popurr\u00ed de canciones acompa\u00f1ados de su profesor V\u00edctor Mart\u00ednez a la guitarra. Luego fue el momento de las personas mayores que se animaron a tomar el micr\u00f3fono para recitar poes\u00eda y cantar.<\/p>\n<p>De la m\u00fasica se pas\u00f3 al baile. Tres grupos de alumnos de diferentes cursos de la Escuela Joan Roca Meridiana realizaron actuaciones de Urban Dance. A continuaci\u00f3n fue el turno de las personas mayores que se divirtieron bailando m\u00fasica-disco acompa\u00f1adas de los m\u00e1s j\u00f3venes.<\/p>\n<p>Para finalizar esta fant\u00e1stica velada, se prosigui\u00f3 con la entrega de regalos a los ancianos de C\u00e1ritas. Los regalos fueron una recopilaci\u00f3n de poes\u00edas, flores y manualidades que hab\u00edan hecho entre unos 400 alumnos de 33 Escuelas con Coraz\u00f3n, y tambi\u00e9n un libro de lectura como obsequio de parte de la entidad.<\/p>\n<p>Desde C\u00e1ritas queremos agradecer a todas las entidades que hicieron posible la celebraci\u00f3n de esta fiesta. A la Parroquia de San Juan Bosco por ofrecernos sus instalaciones, a todas las Escuelas con Coraz\u00f3n que han colaborado aportando su alegr\u00eda a la celebraci\u00f3n y elaborando los diferentes regalos. Tambi\u00e9n a Empresas con Coraz\u00f3n como el Hotel Arts, que aport\u00f3 la merienda. Y los voluntarios y profesionales de los proyectos \u2018Ve\u00ed m\u2019acompanyes\u2019, \u2018Em d\u00f3nes la m\u00e0\u2019 y \u2018Tramats\u2019.<\/p>\n","protected":false},"excerpt":{"rendered":"<p>Desde C\u00e1ritas Diocesana de Barcelona trabajamos para que las personas mayores que se encuentran en una situaci\u00f3n m\u00e1s vulnerable y que no disponen de medios econ\u00f3micos suficientes tengan una vejez digna y se sientan acompa\u00f1adas y cuidadas. Para ello, adem\u00e1s de ofrecerles apoyo social, C\u00e1ritas organiza diferentes actividades l\u00fadicas a lo largo de todo el [&hellip;]<\/p>\n","protected":false},"author":1,"featured_media":165,"comment_status":"open","ping_status":"open","sticky":false,"template":"","format":"standard","meta":{"footnotes":""},"categories":[26],"tags":[],"autor":[36],"class_list":["post-3212","post","type-post","status-publish","format-standard","has-post-thumbnail","hentry","category-personas-mayores","autor-caritas-diocesana-de-barcelona-es"],"aioseo_notices":[],"_links":{"self":[{"href":"https:\/\/blog.caritas.barcelona\/es\/wp-json\/wp\/v2\/posts\/3212","targetHints":{"allow":["GET"]}}],"collection":[{"href":"https:\/\/blog.caritas.barcelona\/es\/wp-json\/wp\/v2\/posts"}],"about":[{"href":"https:\/\/blog.caritas.barcelona\/es\/wp-json\/wp\/v2\/types\/post"}],"author":[{"embeddable":true,"href":"https:\/\/blog.caritas.barcelona\/es\/wp-json\/wp\/v2\/users\/1"}],"replies":[{"embeddable":true,"href":"https:\/\/blog.caritas.barcelona\/es\/wp-json\/wp\/v2\/comments?post=3212"}],"version-history":[{"count":2,"href":"https:\/\/blog.caritas.barcelona\/es\/wp-json\/wp\/v2\/posts\/3212\/revisions"}],"predecessor-version":[{"id":3721,"href":"https:\/\/blog.caritas.barcelona\/es\/wp-json\/wp\/v2\/posts\/3212\/revisions\/3721"}],"wp:featuredmedia":[{"embeddable":true,"href":"https:\/\/blog.caritas.barcelona\/es\/wp-json\/wp\/v2\/media\/165"}],"wp:attachment":[{"href":"https:\/\/blog.caritas.barcelona\/es\/wp-json\/wp\/v2\/media?parent=3212"}],"wp:term":[{"taxonomy":"category","embeddable":true,"href":"https:\/\/blog.caritas.barcelona\/es\/wp-json\/wp\/v2\/categories?post=3212"},{"taxonomy":"post_tag","embeddable":true,"href":"https:\/\/blog.caritas.barcelona\/es\/wp-json\/wp\/v2\/tags?post=3212"},{"taxonomy":"autor","embeddable":true,"href":"https:\/\/blog.caritas.barcelona\/es\/wp-json\/wp\/v2\/autor?post=3212"}],"curies":[{"name":"wp","href":"https:\/\/api.w.org\/{rel}","templated":true}]}}