{"id":3204,"date":"2016-05-06T00:00:00","date_gmt":"2016-05-05T22:00:00","guid":{"rendered":"https:\/\/blog.caritas.barcelona\/acogida-y-acompanamiento\/presentacion-de-los-subsidios-del-ano-santo-de-la-misericordia-en-catalan\/"},"modified":"2017-07-10T15:54:36","modified_gmt":"2017-07-10T13:54:36","slug":"presentacion-de-los-subsidios-del-ano-santo-de-la-misericordia-en-catalan","status":"publish","type":"post","link":"https:\/\/blog.caritas.barcelona\/es\/institucional-es\/presentacion-de-los-subsidios-del-ano-santo-de-la-misericordia-en-catalan\/","title":{"rendered":"Presentaci\u00f3n de los subsidios del A\u00f1o Santo de la Misericordia en catal\u00e1n"},"content":{"rendered":"<p>El pasado mi\u00e9rcoles 4 de mayo, el Centre de Pastoral Lit\u00fargica present\u00f3 la edici\u00f3n en catal\u00e1n de los ochos libros sobre la misericordia publicados por el Consejo Pontificio para la Promoci\u00f3n de la Nueva Evangelizaci\u00f3n.<\/p>\n<p>La presentaci\u00f3n del material, promovido por el Pontificio Consejo para la Nueva Evangelizaci\u00f3n y publicado en catal\u00e1n por el Centre de Pastoral Lit\u00fargica, se ha ofrecido en el acto &#8220;Vivir la Misericordia: de la teor\u00eda a la pr\u00e1ctica&#8221; con la participaci\u00f3n de Eduard sala, responsable de Acci\u00f3n Social de C\u00e1ritas de Barcelona, y de las personas que han traducido al catal\u00e1n los subsidios.<\/p>\n<p>La edici\u00f3n catalana tiene el objetivo de ayudar &#8220;a vivir el A\u00f1o Santo de la Misericordia&#8221;. Los ocho subsidios, presentados en la parroquia de Santa Madrona de Barcelona, desde las par\u00e1bolas de la misericordia, los santos, los papas o las obras corporales y espirituales.<\/p>\n<p>El arzobispo de Tarragona y presidente de la Tarraconense, Jaume Pujol inici\u00f3 la presentaci\u00f3n afirmando que estos &#8220;son unos libros destinados principalmente a todas aquellas personas que tienen que preparar o dirigir una celebraci\u00f3n lit\u00fargica durante este a\u00f1o santo de la misericordia&#8221;. Pretende mostrar estos elementos que se pueden adaptar &#8220;para tener siempre presente la misericordia de Dios.&#8221;<\/p>\n<p>La presentaci\u00f3n finaliz\u00f3 con la charla reflexiva de Eduard Sala, responsable de Acci\u00f3n Social de C\u00e1ritas Barcelona, que anim\u00f3 a los asistentes a concretar la misericordia en la vida cotidiana.<\/p>\n<p>\u00bfC\u00f3mo cambiar\u00eda nuestra vida si perdon\u00e1semos? \u00bfC\u00f3mo cambiar\u00eda nuestra vida si pidi\u00e9ramos perd\u00f3n? \u00bfC\u00f3mo cambiar\u00eda nuestra vida si nos perdon\u00e1semos nosotros mismos?<\/p>\n","protected":false},"excerpt":{"rendered":"<p>El pasado mi\u00e9rcoles 4 de mayo, el Centre de Pastoral Lit\u00fargica present\u00f3 la edici\u00f3n en catal\u00e1n de los ochos libros sobre la misericordia publicados por el Consejo Pontificio para la Promoci\u00f3n de la Nueva Evangelizaci\u00f3n. La presentaci\u00f3n del material, promovido por el Pontificio Consejo para la Nueva Evangelizaci\u00f3n y publicado en catal\u00e1n por el Centre [&hellip;]<\/p>\n","protected":false},"author":1,"featured_media":586,"comment_status":"open","ping_status":"open","sticky":false,"template":"","format":"standard","meta":{"footnotes":""},"categories":[21],"tags":[],"autor":[36],"class_list":["post-3204","post","type-post","status-publish","format-standard","has-post-thumbnail","hentry","category-institucional-es","autor-caritas-diocesana-de-barcelona-es"],"aioseo_notices":[],"_links":{"self":[{"href":"https:\/\/blog.caritas.barcelona\/es\/wp-json\/wp\/v2\/posts\/3204","targetHints":{"allow":["GET"]}}],"collection":[{"href":"https:\/\/blog.caritas.barcelona\/es\/wp-json\/wp\/v2\/posts"}],"about":[{"href":"https:\/\/blog.caritas.barcelona\/es\/wp-json\/wp\/v2\/types\/post"}],"author":[{"embeddable":true,"href":"https:\/\/blog.caritas.barcelona\/es\/wp-json\/wp\/v2\/users\/1"}],"replies":[{"embeddable":true,"href":"https:\/\/blog.caritas.barcelona\/es\/wp-json\/wp\/v2\/comments?post=3204"}],"version-history":[{"count":3,"href":"https:\/\/blog.caritas.barcelona\/es\/wp-json\/wp\/v2\/posts\/3204\/revisions"}],"predecessor-version":[{"id":3744,"href":"https:\/\/blog.caritas.barcelona\/es\/wp-json\/wp\/v2\/posts\/3204\/revisions\/3744"}],"wp:featuredmedia":[{"embeddable":true,"href":"https:\/\/blog.caritas.barcelona\/es\/wp-json\/wp\/v2\/media\/586"}],"wp:attachment":[{"href":"https:\/\/blog.caritas.barcelona\/es\/wp-json\/wp\/v2\/media?parent=3204"}],"wp:term":[{"taxonomy":"category","embeddable":true,"href":"https:\/\/blog.caritas.barcelona\/es\/wp-json\/wp\/v2\/categories?post=3204"},{"taxonomy":"post_tag","embeddable":true,"href":"https:\/\/blog.caritas.barcelona\/es\/wp-json\/wp\/v2\/tags?post=3204"},{"taxonomy":"autor","embeddable":true,"href":"https:\/\/blog.caritas.barcelona\/es\/wp-json\/wp\/v2\/autor?post=3204"}],"curies":[{"name":"wp","href":"https:\/\/api.w.org\/{rel}","templated":true}]}}