{"id":3194,"date":"2016-04-27T00:00:00","date_gmt":"2016-04-26T22:00:00","guid":{"rendered":"https:\/\/blog.caritas.barcelona\/acogida-y-acompanamiento\/caritas-alerta-que-la-suspension-de-la-ley-para-afrontar-la-emergencia-en-la-vivienda-y-la-pobreza-energetica-puede-dejar-a-muchas-familias-desprotegidas\/"},"modified":"2017-07-10T15:51:31","modified_gmt":"2017-07-10T13:51:31","slug":"caritas-alerta-que-la-suspension-de-la-ley-para-afrontar-la-emergencia-en-la-vivienda-y-la-pobreza-energetica-puede-dejar-a-muchas-familias-desprotegidas","status":"publish","type":"post","link":"https:\/\/blog.caritas.barcelona\/es\/sin-hogar-y-vivienda\/caritas-alerta-que-la-suspension-de-la-ley-para-afrontar-la-emergencia-en-la-vivienda-y-la-pobreza-energetica-puede-dejar-a-muchas-familias-desprotegidas\/","title":{"rendered":"C\u00e1ritas alerta que la suspensi\u00f3n de la ley para afrontar la emergencia en la vivienda y la pobreza energ\u00e9tica puede dejar a muchas familias desprotegidas"},"content":{"rendered":"<p><strong>Desde C\u00e0ritas Diocesana de Barcelona queremos recordar que todas las personas tienen derecho a una vivienda digna, estable y adecuada.<\/strong><\/p>\n<p>La vivienda es un derecho humano y por ello debe de ser garantizado. La concepci\u00f3n de la vivienda digna y adecuada como un derecho humano se contempla en la Declaraci\u00f3n Universal de Derechos Humanos, en la Carta Social Europea, en el Pacto Internacional de Derechos Econ\u00f3micos, Sociales y Culturales (observaci\u00f3n general n\u00ba 4), en la Constituci\u00f3n Espa\u00f1ola y en el propio Estatuto de Catalunya.<\/p>\n<p>En Catalunya, <strong>la ley 24\/2015, de 29 de julio, conocida como de Emergencia habitacional y pobreza energ\u00e9tica<\/strong>, contra la cual el Gobierno quiere interponer un recurso ante el Tribunal Constitucional, es el \u00fanico instrumento legal del que disponemos actualmente para evitar los desahucios y la posterior p\u00e9rdida de la vivienda. Esta ley obliga a los grandes tenedores de viviendas (entidades financieras, sus filiales inmobiliarias, etc.) a formalizar un alquiler social en los supuestos de riesgo de p\u00e9rdida o p\u00e9rdida efectiva de la vivienda a las personas o familias que se encuentren en riesgo de exclusi\u00f3n residencial. Si este recurso prosperara, la ley podr\u00eda quedar anulada dejando as\u00ed un vac\u00edo legislativo, puesto que no hay ninguna normativa alternativa que cumpla esta funci\u00f3n, y muchas personas y familias que tienen dificultades para mantener su vivienda y los suministros quedar\u00edan desprotegidas.<\/p>\n<p>Al mismo tiempo, recordamos que <strong>esta ley permite garantizar que a ninguna familia en situaci\u00f3n de vulnerabilidad le puedan cortar los suministros b\u00e1sicos<\/strong>, para garantizar as\u00ed otro derecho humano. As\u00ed pues, queremos constatar la emergencia habitacional en la que nos encontramos actualmente y recordamos que sin pol\u00edticas de vivienda estables en el tiempo y sin leyes que protejan a los ciudadanos y a las ciudadanas se va a producir un empeoramiento de la situaci\u00f3n, y dejaremos las respuestas posibles a la buena voluntad de los agentes implicados.<\/p>\n<p><strong>La vivienda como derecho humano fundamental<\/strong><\/p>\n<p>La vulneraci\u00f3n del derecho a la vivienda afecta directamente a la integridad f\u00edsica y mental de las personas, a su vida privada, familiar y a la salud tanto en t\u00e9rminos individuales como colectivos.<\/p>\n<p>Son conocidas recomendaciones en el Estado espa\u00f1ol para que se garantice el derecho a la vivienda: el EPU (Examen Peri\u00f3dico Universal) de 2015, el examen PIDESC 2012, informes de las relator\u00edas de vivienda de las Naciones Unidas, as\u00ed como sentencias del Tribunal de Justicia de la Uni\u00f3n Europea que han recogido juristas y fiscales en la aplicaci\u00f3n de la norma, y entidades y movimientos sociales en su labor de denuncia.<\/p>\n<p>A pesar de este reconocimiento normativo del derecho a la vivienda como derecho humano, C\u00e0ritas Diocesana de Barcelona viene constatando y denunciando desde hace a\u00f1os que la vivienda es considerada como un bien de inversi\u00f3n y no como un derecho b\u00e1sico para poder realizar en plenitud la dignidad de todo ser humano.<\/p>\n<p><strong>Cada vez hay m\u00e1s personas que pueden quedarse sin una vivienda<\/strong><\/p>\n<p>Un enfoque economicista sobre la vivienda, la falta de un parque p\u00fablico y la ausencia de normativa que establezca una protecci\u00f3n real del derecho de la vivienda han tenido como resultado el aumento de un gran n\u00famero de personas y familias que se encuentran en situaci\u00f3n de exclusi\u00f3n residencial y social, y que no pueden disfrutar de una vivienda digna, de calidad, en paz y en un entorno habitable y sostenible.<\/p>\n<p>En los \u00faltimos a\u00f1os de crisis socioecon\u00f3mica, se ha agravado la situaci\u00f3n de acceso y mantenimiento de la vivienda para muchas familias y personas, y casi no hemos tenido a nuesta disposici\u00f3n instrumentos para hacer frente a esta situaci\u00f3n. Los \u00faltimos datos hablan de que 200.000 familias tienen a todos sus miembros en el paro y 95.000 de \u00e9stas no reciben ning\u00fan ingreso. A todo allo, se a\u00f1aden las previsiones anunciadas recientemente por el Gobierno central en funciones: eleva las cifras de d\u00e9ficit y de paro para los a\u00f1os 2016 y 2017.<\/p>\n<p>Queremos manifestar que un aumento del paro implicar\u00e1 un aumento del n\u00famero de personas que se encuentren en riesgo de exclusi\u00f3n residencial por la imposibilidad de hacer frente al pago de los gastos destinados a vivienda.<\/p>\n<p><strong>El Servicio de Mediaci\u00f3n de la Vivienda de CDB<\/strong><\/p>\n<p>Desde septiembre de 2011, en el Servicio de Mediaci\u00f3n de la Vivienda de C\u00e0ritas Diocesana de Barcelona, hemos atendido a 10.130 personas. De \u00e9stas, el 54% son familias con menores a su cargo y un 22% son familias monomarentals. El 75% de las personas que atendemos est\u00e1n en situaci\u00f3n de desempleo.<\/p>\n<p>Desde nuestro Servicio de Mediaci\u00f3n en la Vivienda hemos aplicado esta ley desde que entr\u00f3 en vigor evitando as\u00ed que muchas familias pierdan su vivienda. Y no podemos olvidar la situaci\u00f3n de muchas personas (como por ejemplo las que viven en la calle, las que se est\u00e1n en habitaciones realquiladas, etc.) que viven en situaci\u00f3n de exclusi\u00f3n residencial y social, a las que todav\u00eda ninguna ley protege.<\/p>\n","protected":false},"excerpt":{"rendered":"<p>Desde C\u00e0ritas Diocesana de Barcelona queremos recordar que todas las personas tienen derecho a una vivienda digna, estable y adecuada. La vivienda es un derecho humano y por ello debe de ser garantizado. La concepci\u00f3n de la vivienda digna y adecuada como un derecho humano se contempla en la Declaraci\u00f3n Universal de Derechos Humanos, en [&hellip;]<\/p>\n","protected":false},"author":1,"featured_media":557,"comment_status":"open","ping_status":"open","sticky":false,"template":"","format":"standard","meta":{"footnotes":""},"categories":[24],"tags":[],"autor":[36],"class_list":["post-3194","post","type-post","status-publish","format-standard","has-post-thumbnail","hentry","category-sin-hogar-y-vivienda","autor-caritas-diocesana-de-barcelona-es"],"aioseo_notices":[],"_links":{"self":[{"href":"https:\/\/blog.caritas.barcelona\/es\/wp-json\/wp\/v2\/posts\/3194","targetHints":{"allow":["GET"]}}],"collection":[{"href":"https:\/\/blog.caritas.barcelona\/es\/wp-json\/wp\/v2\/posts"}],"about":[{"href":"https:\/\/blog.caritas.barcelona\/es\/wp-json\/wp\/v2\/types\/post"}],"author":[{"embeddable":true,"href":"https:\/\/blog.caritas.barcelona\/es\/wp-json\/wp\/v2\/users\/1"}],"replies":[{"embeddable":true,"href":"https:\/\/blog.caritas.barcelona\/es\/wp-json\/wp\/v2\/comments?post=3194"}],"version-history":[{"count":3,"href":"https:\/\/blog.caritas.barcelona\/es\/wp-json\/wp\/v2\/posts\/3194\/revisions"}],"predecessor-version":[{"id":3732,"href":"https:\/\/blog.caritas.barcelona\/es\/wp-json\/wp\/v2\/posts\/3194\/revisions\/3732"}],"wp:featuredmedia":[{"embeddable":true,"href":"https:\/\/blog.caritas.barcelona\/es\/wp-json\/wp\/v2\/media\/557"}],"wp:attachment":[{"href":"https:\/\/blog.caritas.barcelona\/es\/wp-json\/wp\/v2\/media?parent=3194"}],"wp:term":[{"taxonomy":"category","embeddable":true,"href":"https:\/\/blog.caritas.barcelona\/es\/wp-json\/wp\/v2\/categories?post=3194"},{"taxonomy":"post_tag","embeddable":true,"href":"https:\/\/blog.caritas.barcelona\/es\/wp-json\/wp\/v2\/tags?post=3194"},{"taxonomy":"autor","embeddable":true,"href":"https:\/\/blog.caritas.barcelona\/es\/wp-json\/wp\/v2\/autor?post=3194"}],"curies":[{"name":"wp","href":"https:\/\/api.w.org\/{rel}","templated":true}]}}