{"id":3185,"date":"2016-04-18T00:00:00","date_gmt":"2016-04-17T22:00:00","guid":{"rendered":"https:\/\/blog.caritas.barcelona\/acogida-y-acompanamiento\/la-xarxa-datencio-a-persones-sense-llar-xapsll-pone-en-marcha-el-recompte-2016\/"},"modified":"2017-07-10T15:56:44","modified_gmt":"2017-07-10T13:56:44","slug":"la-xarxa-datencio-a-persones-sense-llar-xapsll-pone-en-marcha-el-recompte-2016","status":"publish","type":"post","link":"https:\/\/blog.caritas.barcelona\/es\/sin-hogar-y-vivienda\/la-xarxa-datencio-a-persones-sense-llar-xapsll-pone-en-marcha-el-recompte-2016\/","title":{"rendered":"La Xarxa d\u2019Atenci\u00f3 a Persones Sense Llar (XAPSLL) pone en marcha el Recompte 2016"},"content":{"rendered":"<p><strong>Entidades y Ayuntamiento hacen un llamamiento a la participaci\u00f3n de vecinos y vecinas para llegar a las 900 personas voluntarias.<\/strong><\/p>\n<ul>\n<li><strong>Se realizar\u00e1 el 18 de mayo y por primera vez abarcar\u00e1 el conjunto de la ciudad y contabilizar\u00e1 la misma noche las personas que duermen en la calle y en los equipamientos.<\/strong><\/li>\n<\/ul>\n<p>La <strong>Xarxa d\u2019Atenci\u00f3 a Persones Sense Llar <\/strong>(XAPSLL) ha presentado hoy las caracter\u00edsticas del <strong>Recompte 2016<\/strong>, que tendr\u00e1 lugar la noche del pr\u00f3ximo 18 de mayo, y ha hecho un llamamiento a la implicaci\u00f3n de la ciudadan\u00eda de Barcelona. <strong>&#8220;Necesitamos 900 voluntarios y voluntarias&#8221;<\/strong>, ha explicado la teniente de Alcald\u00eda de Drets Socials, Laia Ortiz, remarcando tambi\u00e9n que <strong>&#8220;por primera vez haremos la prospecci\u00f3n en el 100% de la ciudad&#8221;<\/strong>, con la colaboraci\u00f3n de Parc i Jardins, Guardia Urbana, equipos de calle del Servei d&#8217;Inserci\u00f3 Social (SIS), y el trabajo en red de las 32 entidades que integran la XAPSLL.<\/p>\n<p>En una misma noche se contabilizar\u00e1n las personas que pernoctan en la v\u00eda p\u00fablica y aquellas que lo hacen en los diversos equipamientos municipales y de entidades, de forma que <strong>se obtenga una radiograf\u00eda m\u00e1s completa<\/strong>. El portavoz de la XAPSLL y representante del Centre As\u00eds, Jes\u00fas Ruiz, ha destacado la colaboraci\u00f3n de todos los agentes implicados para <strong>&#8220;fortalecer nuestra capacidad como ciudad de hacer frente al fen\u00f3meno de las personas sin hogar&#8221;<\/strong>.<\/p>\n<p>Para participar como voluntario en el Recuento 2016 se ha habilitado una web (recompte.barcelona) para inscribirse y elegir qu\u00e9 barrio de la ciudad se quiere cubrir. &#8220;Habr\u00e1 <strong>260 zonas<\/strong> con <strong>equipos de 6 a 8 personas<\/strong> realizando la observaci\u00f3n entre las 0.00h las 2.00h y, por primera vez, dispondremos de una aplicaci\u00f3n m\u00f3vil que nos facilitar\u00e1 disponer de datos en tiempo real&#8221;, explic\u00f3 Tere Berm\u00fadez, de C\u00e1ritas Diocesana de Barcelona.<\/p>\n<p>La web ofrece tambi\u00e9n informaci\u00f3n sobre todos los recuentos que se han hecho en la ciudad y sobre la necesidad de disponer de este instrumento de diagnosis. <strong>&#8220;El recuento no es un fin en s\u00ed mismo<\/strong>, sino tambi\u00e9n una <strong>herramienta de sensibilizaci\u00f3n de la ciudadan\u00eda<\/strong> y un <strong>elemento que debe ayudar a planificar las pol\u00edticas p\u00fablicas&#8221;<\/strong>, asegur\u00f3 Carlos Cabr\u00e9, representante de Progress.<\/p>\n<p>En la misma l\u00ednea se pronunci\u00f3 Juan Uribe, de la entidad Sant Joan de D\u00e9u, quien ha remarcado que Barcelona, \u200b\u200bcon su tradici\u00f3n de an\u00e1lisis y cooperaci\u00f3n en red entre el conjunto de entidades que trabajan en este \u00e1mbito est\u00e1 &#8220;aportando conocimiento de calidad sobre el fen\u00f3meno de las personas sin hogar&#8221; y que Barcelona es un referente internacional en esta materia.<\/p>\n<p>Ortiz ha destacado la apuesta del gobierno municipal para dotar de continuidad a este instrumento y ha explicado <strong>que la informaci\u00f3n que se obtenga con el recuento contribuir\u00e1 a la elaboraci\u00f3n del Pla de persones sense llar<\/strong> que se trabaja con la colaboraci\u00f3n de las entidades y tambi\u00e9n de las personas usuarias de los equipamientos. Ha recordado tambi\u00e9n que &#8220;este no es un fen\u00f3meno exclusivo de Barcelona&#8221;, por lo que ha exigido implicaci\u00f3n a la Generalitat para que el problema de las personas sin hogar se aborde &#8220;con una estrategia de pa\u00eds&#8221;.<\/p>\n","protected":false},"excerpt":{"rendered":"<p>Entidades y Ayuntamiento hacen un llamamiento a la participaci\u00f3n de vecinos y vecinas para llegar a las 900 personas voluntarias. Se realizar\u00e1 el 18 de mayo y por primera vez abarcar\u00e1 el conjunto de la ciudad y contabilizar\u00e1 la misma noche las personas que duermen en la calle y en los equipamientos. La Xarxa d\u2019Atenci\u00f3 [&hellip;]<\/p>\n","protected":false},"author":1,"featured_media":557,"comment_status":"open","ping_status":"open","sticky":false,"template":"","format":"standard","meta":{"footnotes":""},"categories":[24],"tags":[],"autor":[36],"class_list":["post-3185","post","type-post","status-publish","format-standard","has-post-thumbnail","hentry","category-sin-hogar-y-vivienda","autor-caritas-diocesana-de-barcelona-es"],"aioseo_notices":[],"_links":{"self":[{"href":"https:\/\/blog.caritas.barcelona\/es\/wp-json\/wp\/v2\/posts\/3185","targetHints":{"allow":["GET"]}}],"collection":[{"href":"https:\/\/blog.caritas.barcelona\/es\/wp-json\/wp\/v2\/posts"}],"about":[{"href":"https:\/\/blog.caritas.barcelona\/es\/wp-json\/wp\/v2\/types\/post"}],"author":[{"embeddable":true,"href":"https:\/\/blog.caritas.barcelona\/es\/wp-json\/wp\/v2\/users\/1"}],"replies":[{"embeddable":true,"href":"https:\/\/blog.caritas.barcelona\/es\/wp-json\/wp\/v2\/comments?post=3185"}],"version-history":[{"count":1,"href":"https:\/\/blog.caritas.barcelona\/es\/wp-json\/wp\/v2\/posts\/3185\/revisions"}],"predecessor-version":[{"id":3753,"href":"https:\/\/blog.caritas.barcelona\/es\/wp-json\/wp\/v2\/posts\/3185\/revisions\/3753"}],"wp:featuredmedia":[{"embeddable":true,"href":"https:\/\/blog.caritas.barcelona\/es\/wp-json\/wp\/v2\/media\/557"}],"wp:attachment":[{"href":"https:\/\/blog.caritas.barcelona\/es\/wp-json\/wp\/v2\/media?parent=3185"}],"wp:term":[{"taxonomy":"category","embeddable":true,"href":"https:\/\/blog.caritas.barcelona\/es\/wp-json\/wp\/v2\/categories?post=3185"},{"taxonomy":"post_tag","embeddable":true,"href":"https:\/\/blog.caritas.barcelona\/es\/wp-json\/wp\/v2\/tags?post=3185"},{"taxonomy":"autor","embeddable":true,"href":"https:\/\/blog.caritas.barcelona\/es\/wp-json\/wp\/v2\/autor?post=3185"}],"curies":[{"name":"wp","href":"https:\/\/api.w.org\/{rel}","templated":true}]}}